{"id":38955,"date":"2017-06-30T17:02:40","date_gmt":"2017-06-30T22:02:40","guid":{"rendered":"https:\/\/radiowebmx.com\/nota\/?p=38955"},"modified":"2017-07-02T12:34:30","modified_gmt":"2017-07-02T17:34:30","slug":"cecytem-implementa-estrategias-para-elevar-indicadores-academicos","status":"publish","type":"post","link":"https:\/\/radiowebmx.com\/nota\/cecytem-implementa-estrategias-para-elevar-indicadores-academicos\/","title":{"rendered":"CECyTEM implementa estrategias para elevar indicadores acad\u00e9micos"},"content":{"rendered":"<p>Uruapan, Michoac\u00e1n, a 30 de junio de 2017.- Con la finalidad de mejorar los indicadores de aprovechamiento, aprobaci\u00f3n y permanencia de los alumnos del Colegio de Estudios Cient\u00edficos y Tecnol\u00f3gicos del Estado de Michoac\u00e1n (CECyTEM), este viernes en este municipio se llev\u00f3 a cabo la reuni\u00f3n regional de Presidentes de Academia de la Regi\u00f3n Centro Occidente de las Academias de Matem\u00e1ticas y Lectura y de Expresi\u00f3n Oral y Escrita (LEOyE).<br \/>\n<a href=\"https:\/\/radiowebmx.com\/nota\/wp-content\/uploads\/2017\/07\/83e6f210-2b90-4660-abca-b03591586385.jpg\"><img loading=\"lazy\" decoding=\"async\" src=\"https:\/\/radiowebmx.com\/nota\/wp-content\/uploads\/2017\/07\/83e6f210-2b90-4660-abca-b03591586385-595x256.jpg\" alt=\"\" width=\"595\" height=\"256\" class=\"alignnone size-medium wp-image-38957\" srcset=\"https:\/\/radiowebmx.com\/nota\/wp-content\/uploads\/2017\/07\/83e6f210-2b90-4660-abca-b03591586385-595x256.jpg 595w, https:\/\/radiowebmx.com\/nota\/wp-content\/uploads\/2017\/07\/83e6f210-2b90-4660-abca-b03591586385.jpg 709w\" sizes=\"auto, (max-width: 595px) 100vw, 595px\" \/><\/a><br \/>\nDurante esta quinta reuni\u00f3n regional, la directora general del CECyTEM, Mar\u00eda del Carmen Escobedo P\u00e9rez, record\u00f3 que la Direcci\u00f3n General del subsistema se ha dado a la tarea de realizar en cada regi\u00f3n del estado las reuniones con docentes presidentes de academia y directivos de los planteles con la finalidad de impulsar propuestas que permitan mejorar los indicadores acad\u00e9micos.<\/p>\n<p>Reconoci\u00f3 el gran empe\u00f1o de los docentes asistentes en la reuni\u00f3n, a la que calific\u00f3 como un gran espacio de reflexi\u00f3n para trazar l\u00edneas de acci\u00f3n, ya que se requiere de evolucionar en favor de los alumnos, adem\u00e1s de complementar nuevas y diversas alternativas que permitan incrementar los promedios generales de aprovechamiento por asignatura.<\/p>\n<p>Tras destacar el trabajo que realiza el Gobernador Silvano Aureoles Conejo por los estudiantes, expres\u00f3 que \u201cdesde el subsistema ponemos nuestra parte al propiciar con un trabajo colegiado una participaci\u00f3n activa, organizada y entusiasta de los docentes, que se manifiesta en sus iniciativas plasmadas en la planeaci\u00f3n, realizaci\u00f3n y evaluaci\u00f3n destinadas a fortalecer la calidad educativa en Michoac\u00e1n\u201d.<\/p>\n","protected":false},"excerpt":{"rendered":"<p>Uruapan, Michoac\u00e1n, a 30 de junio de 2017.- Con la finalidad de mejorar los indicadores de aprovechamiento, aprobaci\u00f3n y permanencia de los alumnos del Colegio de Estudios Cient\u00edficos y Tecnol\u00f3gicos del Estado de Michoac\u00e1n (CECyTEM), este viernes en este municipio se llev\u00f3 a cabo la reuni\u00f3n regional de Presidentes de Academia de la Regi\u00f3n Centro [&hellip;]<\/p>\n","protected":false},"author":2,"featured_media":38956,"comment_status":"closed","ping_status":"closed","sticky":false,"template":"","format":"standard","meta":{"footnotes":""},"categories":[14,3,60],"tags":[],"class_list":["post-38955","post","type-post","status-publish","format-standard","has-post-thumbnail","hentry","category-destacadas","category-gobierno-del-estado-de-michoacan","category-michoacan"],"_links":{"self":[{"href":"https:\/\/radiowebmx.com\/nota\/wp-json\/wp\/v2\/posts\/38955","targetHints":{"allow":["GET"]}}],"collection":[{"href":"https:\/\/radiowebmx.com\/nota\/wp-json\/wp\/v2\/posts"}],"about":[{"href":"https:\/\/radiowebmx.com\/nota\/wp-json\/wp\/v2\/types\/post"}],"author":[{"embeddable":true,"href":"https:\/\/radiowebmx.com\/nota\/wp-json\/wp\/v2\/users\/2"}],"replies":[{"embeddable":true,"href":"https:\/\/radiowebmx.com\/nota\/wp-json\/wp\/v2\/comments?post=38955"}],"version-history":[{"count":1,"href":"https:\/\/radiowebmx.com\/nota\/wp-json\/wp\/v2\/posts\/38955\/revisions"}],"predecessor-version":[{"id":38958,"href":"https:\/\/radiowebmx.com\/nota\/wp-json\/wp\/v2\/posts\/38955\/revisions\/38958"}],"wp:featuredmedia":[{"embeddable":true,"href":"https:\/\/radiowebmx.com\/nota\/wp-json\/wp\/v2\/media\/38956"}],"wp:attachment":[{"href":"https:\/\/radiowebmx.com\/nota\/wp-json\/wp\/v2\/media?parent=38955"}],"wp:term":[{"taxonomy":"category","embeddable":true,"href":"https:\/\/radiowebmx.com\/nota\/wp-json\/wp\/v2\/categories?post=38955"},{"taxonomy":"post_tag","embeddable":true,"href":"https:\/\/radiowebmx.com\/nota\/wp-json\/wp\/v2\/tags?post=38955"}],"curies":[{"name":"wp","href":"https:\/\/api.w.org\/{rel}","templated":true}]}}