{"id":38951,"date":"2017-06-30T16:47:35","date_gmt":"2017-06-30T21:47:35","guid":{"rendered":"https:\/\/radiowebmx.com\/nota\/?p=38951"},"modified":"2017-07-02T12:21:07","modified_gmt":"2017-07-02T17:21:07","slug":"con-ediciones-ctec-sicdet-estrecha-lazos-entre-sociedad-e-investigadores","status":"publish","type":"post","link":"https:\/\/radiowebmx.com\/nota\/con-ediciones-ctec-sicdet-estrecha-lazos-entre-sociedad-e-investigadores\/","title":{"rendered":"Con ediciones C+TEC, Sicdet estrecha lazos entre sociedad e investigadores"},"content":{"rendered":"<p>Morelia, Michoac\u00e1n, a 30 de junio de 2017.- A fin de consolidar un espacio de difusi\u00f3n referente para investigadores y divulgadores cient\u00edficos, el Gobierno del Estado, a trav\u00e9s de la Secretar\u00eda de Innovaci\u00f3n, Ciencia y Desarrollo Tecnol\u00f3gico (Sicdet), dio a conocer la producci\u00f3n editorial de revistas C+TEC, que se suman al tiraje de folletos presentados en fechas recientes.<br \/>\n<a href=\"https:\/\/radiowebmx.com\/nota\/wp-content\/uploads\/2017\/07\/73c0260e-41fe-4fee-9de4-cdd7e5730a57.jpg\"><img loading=\"lazy\" decoding=\"async\" src=\"https:\/\/radiowebmx.com\/nota\/wp-content\/uploads\/2017\/07\/73c0260e-41fe-4fee-9de4-cdd7e5730a57-595x704.jpg\" alt=\"\" width=\"595\" height=\"704\" class=\"alignnone size-medium wp-image-38953\" srcset=\"https:\/\/radiowebmx.com\/nota\/wp-content\/uploads\/2017\/07\/73c0260e-41fe-4fee-9de4-cdd7e5730a57-595x704.jpg 595w, https:\/\/radiowebmx.com\/nota\/wp-content\/uploads\/2017\/07\/73c0260e-41fe-4fee-9de4-cdd7e5730a57.jpg 709w\" sizes=\"auto, (max-width: 595px) 100vw, 595px\" \/><\/a><br \/>\nEl titular de la Sicdet, Jos\u00e9 Luis Monta\u00f1ez Espinosa, destac\u00f3 que \u201cC+TEC. Divulgar para transformar\u201d es una publicaci\u00f3n cuatrimestral para difundir la ciencia, la tecnolog\u00eda y la human\u00edstica. Su prop\u00f3sito es enriquecer la cultura cient\u00edfica de la  sociedad michoacana mediante la comunicaci\u00f3n del conocimiento y el desarrollo tecnol\u00f3gico que se genera, especialmente en Michoac\u00e1n y en el pa\u00eds en general. Todos los contenidos se encuentran en archivos descargables en la p\u00e1gina www.sicdet.michoacan.gob.mx<\/p>\n<p>Por su parte, el secretario de Medio Ambiente, Recursos Naturales y Cambio Clim\u00e1tico, Ricardo Luna Garc\u00eda, hizo \u00e9nfasis en la importancia de los contenidos tratados en los tres n\u00fameros que se dieron a conocer con los temas: \u201cDesarrollo Alimentario\u201d; \u201cCambio Clim\u00e1tico. Piensa globalmente, act\u00faa localmente\u201d y \u201cMigraci\u00f3n e Identidad Cultural\u201d.<\/p>\n<p>Por parte del Comit\u00e9 Editorial habl\u00f3 Carlos Francisco Ortiz Paniagua, del Instituto de Investigaciones Econ\u00f3micas y Empresariales de la Universidad Michoacana de San Nicol\u00e1s de Hidalgo (UMSNH), quien tambi\u00e9n coment\u00f3 el n\u00famero referente al cambio clim\u00e1tico.<\/p>\n<p>De su lado, H\u00e9ctor Javier Anselmo Villegas Moreno coment\u00f3 en su calidad de especialista el tema del desarrollo alimentario, en tanto que Mar\u00eda de Lourdes Gardu\u00f1o Vargas habl\u00f3 sobre el n\u00famero dedicado al tema de migraci\u00f3n e identidad cultural.<\/p>\n<p>La revista inici\u00f3 en 2009 y se ha ido transformando a la par de la instituci\u00f3n, con el fin de mantener el compromiso de transmitir de manera fiel, accesible y atractiva el conocimiento cient\u00edfico, donde los lectores interesados en temas relacionados con ciencia, tecnolog\u00eda e innovaci\u00f3n, puedan encontrar temas de actualidad relacionados en primer t\u00e9rmino con Michoac\u00e1n y con M\u00e9xico.<\/p>\n<p>La Sicdet tiene como uno de sus objetivos principales la divulgaci\u00f3n de la ciencia, siendo este un eje estrat\u00e9gico para fortalecer las capacidades y vocaciones cient\u00edficas y tecnol\u00f3gicas de la poblaci\u00f3n mediante la formaci\u00f3n de una cultura cient\u00edfica en Michoac\u00e1n.<\/p>\n<p>Los contenidos son el resultado de un gran esfuerzo y compromiso de investigadores y cient\u00edficos michoacanos que de manera desinteresada presentaron sus estudios y conclusiones desde las aulas y laboratorios de instituciones de educaci\u00f3n superior de todas las regiones de Michoac\u00e1n y la Sicdet como organismo divulgador.<\/p>\n<p>En el evento tambi\u00e9n estuvieron presentes Salvador Abud Mirabent, delegado de la Secretar\u00eda de Econom\u00eda en Michoac\u00e1n; Rosa Elva Norma del R\u00edo Torres, coordinadora de Posgrados de la UMSNH; Jos\u00e9 Manuel Cabrera Sixto, director general del CIDAM; y Josu\u00e9 Rangel D\u00edaz, director general del Parque Zool\u00f3gico \u201cBenito Ju\u00e1rez\u201d, entre otros funcionarios, investigadores y representantes de Instituciones de educaci\u00f3n media superior y superior.<\/p>\n","protected":false},"excerpt":{"rendered":"<p>Morelia, Michoac\u00e1n, a 30 de junio de 2017.- A fin de consolidar un espacio de difusi\u00f3n referente para investigadores y divulgadores cient\u00edficos, el Gobierno del Estado, a trav\u00e9s de la Secretar\u00eda de Innovaci\u00f3n, Ciencia y Desarrollo Tecnol\u00f3gico (Sicdet), dio a conocer la producci\u00f3n editorial de revistas C+TEC, que se suman al tiraje de folletos presentados [&hellip;]<\/p>\n","protected":false},"author":2,"featured_media":38952,"comment_status":"closed","ping_status":"closed","sticky":false,"template":"","format":"standard","meta":{"footnotes":""},"categories":[14,3,60],"tags":[],"class_list":["post-38951","post","type-post","status-publish","format-standard","has-post-thumbnail","hentry","category-destacadas","category-gobierno-del-estado-de-michoacan","category-michoacan"],"_links":{"self":[{"href":"https:\/\/radiowebmx.com\/nota\/wp-json\/wp\/v2\/posts\/38951","targetHints":{"allow":["GET"]}}],"collection":[{"href":"https:\/\/radiowebmx.com\/nota\/wp-json\/wp\/v2\/posts"}],"about":[{"href":"https:\/\/radiowebmx.com\/nota\/wp-json\/wp\/v2\/types\/post"}],"author":[{"embeddable":true,"href":"https:\/\/radiowebmx.com\/nota\/wp-json\/wp\/v2\/users\/2"}],"replies":[{"embeddable":true,"href":"https:\/\/radiowebmx.com\/nota\/wp-json\/wp\/v2\/comments?post=38951"}],"version-history":[{"count":1,"href":"https:\/\/radiowebmx.com\/nota\/wp-json\/wp\/v2\/posts\/38951\/revisions"}],"predecessor-version":[{"id":38954,"href":"https:\/\/radiowebmx.com\/nota\/wp-json\/wp\/v2\/posts\/38951\/revisions\/38954"}],"wp:featuredmedia":[{"embeddable":true,"href":"https:\/\/radiowebmx.com\/nota\/wp-json\/wp\/v2\/media\/38952"}],"wp:attachment":[{"href":"https:\/\/radiowebmx.com\/nota\/wp-json\/wp\/v2\/media?parent=38951"}],"wp:term":[{"taxonomy":"category","embeddable":true,"href":"https:\/\/radiowebmx.com\/nota\/wp-json\/wp\/v2\/categories?post=38951"},{"taxonomy":"post_tag","embeddable":true,"href":"https:\/\/radiowebmx.com\/nota\/wp-json\/wp\/v2\/tags?post=38951"}],"curies":[{"name":"wp","href":"https:\/\/api.w.org\/{rel}","templated":true}]}}