{"id":38932,"date":"2017-06-30T14:53:36","date_gmt":"2017-06-30T19:53:36","guid":{"rendered":"https:\/\/radiowebmx.com\/nota\/?p=38932"},"modified":"2017-06-30T15:02:06","modified_gmt":"2017-06-30T20:02:06","slug":"ayuntamiento-de-morelia-capacita-a-funcionarios-municipales-en-materia-de-derechos-humanos","status":"publish","type":"post","link":"https:\/\/radiowebmx.com\/nota\/ayuntamiento-de-morelia-capacita-a-funcionarios-municipales-en-materia-de-derechos-humanos\/","title":{"rendered":"Ayuntamiento de Morelia capacita a funcionarios municipales en materia de Derechos Humanos"},"content":{"rendered":"<p>Tambi\u00e9n se abordar\u00e1 el Nuevo Sistema Nacional Anticorrupci\u00f3n desde la perspectiva local.<\/p>\n<p>La Direcci\u00f3n de Derechos Humanos, Mediaci\u00f3n y Conciliaci\u00f3n abandera esta acci\u00f3n.<\/p>\n<p><a href=\"https:\/\/radiowebmx.com\/nota\/wp-content\/uploads\/2017\/06\/2ed6bedd-7721-4e7b-bad3-9471917f324d.jpeg\"><img loading=\"lazy\" decoding=\"async\" src=\"https:\/\/radiowebmx.com\/nota\/wp-content\/uploads\/2017\/06\/2ed6bedd-7721-4e7b-bad3-9471917f324d-595x638.jpeg\" alt=\"\" width=\"595\" height=\"638\" class=\"alignnone size-medium wp-image-38933\" srcset=\"https:\/\/radiowebmx.com\/nota\/wp-content\/uploads\/2017\/06\/2ed6bedd-7721-4e7b-bad3-9471917f324d-595x638.jpeg 595w, https:\/\/radiowebmx.com\/nota\/wp-content\/uploads\/2017\/06\/2ed6bedd-7721-4e7b-bad3-9471917f324d.jpeg 709w\" sizes=\"auto, (max-width: 595px) 100vw, 595px\" \/><\/a><\/p>\n<p>Como parte de las tareas de capacitaci\u00f3n del personal del Gobierno Municipal, se imparti\u00f3 el taller denominado: \u201cDefensa, Respeto y Atenci\u00f3n de los Derechos Humanos en el Gobierno Local\u201d, impartida a servidores p\u00fablicos del Ayuntamiento de Morelia con el fin de cumplir y resguardar estos temas a cabalidad.<\/p>\n<p>La Directora de Derechos Humanos, Mediaci\u00f3n y Conciliaci\u00f3n, Emilia Bucio Pi\u00f1\u00f3n, acompa\u00f1ada del Magistrado del Tribunal de Justicia Administrativa de Michoac\u00e1n de Ocampo, adscrito a la segunda ponencia, Arturo Bucio Ibarra, dio la bienvenida a empleados Administrativos y Directivos.<\/p>\n<p>Refiri\u00f3 que las actividades a realizarse en esta capacitaci\u00f3n, que constar\u00e1 de tres m\u00f3dulos, tambi\u00e9n abordar\u00e1n el Nuevo Sistema Nacional Anticorrupci\u00f3n desde la perspectiva local.<\/p>\n<p>El S\u00edndico Municipal, Fabio Sistos Rangel, asegur\u00f3 que esta actividad permite dar a conocer las funciones y servicios que brinda la dependencia municipal a su cargo a trav\u00e9s de la Direcci\u00f3n de Derechos Humanos, Mediaci\u00f3n y Conciliaci\u00f3n e influir la observancia de los Derechos Humanos con fundamento en el Derecho Internacional que contribuya a prestar un servicio p\u00fablico municipal eficiente.<\/p>\n<p>Sistos Rangel, record\u00f3 que se promueve una capacitaci\u00f3n continua e integral de los empleados municipales en todos los \u00e1mbitos, para brindar un mejor servicio a la ciudadan\u00eda.<\/p>\n<p>Adem\u00e1s, esta formaci\u00f3n difundir\u00e1 los conceptos b\u00e1sicos, distinguir, analizar, e implementar acciones espec\u00edficas en el servicio p\u00fablico municipal, aclarar dudas e inquietudes entorno al tema, as\u00ed como el procedimiento de queja ante la Comisi\u00f3n Estatal de Derechos Humanos de Michoac\u00e1n.<\/p>\n<p>A la par, permitir\u00e1 que se conozca qu\u00e9 es el Delito de Trata de Personas y c\u00f3mo afecta a todos los integrantes de una sociedad, sensibilizar sobre este il\u00edcito a trav\u00e9s de material audiovisual y aclarar dudas, precisar los derechos y obligaciones de los servidores p\u00fablicos en materia de protecci\u00f3n de personas y v\u00edctimas en el \u00e1mbito de sus competencias, y aclarar las atribuciones y servicios que brindan estancias del estado como la Comisi\u00f3n Estatal de Atenci\u00f3n a V\u00edctimas.<\/p>\n","protected":false},"excerpt":{"rendered":"<p>Tambi\u00e9n se abordar\u00e1 el Nuevo Sistema Nacional Anticorrupci\u00f3n desde la perspectiva local. La Direcci\u00f3n de Derechos Humanos, Mediaci\u00f3n y Conciliaci\u00f3n abandera esta acci\u00f3n. Como parte de las tareas de capacitaci\u00f3n del personal del Gobierno Municipal, se imparti\u00f3 el taller denominado: \u201cDefensa, Respeto y Atenci\u00f3n de los Derechos Humanos en el Gobierno Local\u201d, impartida a servidores [&hellip;]<\/p>\n","protected":false},"author":2,"featured_media":38933,"comment_status":"closed","ping_status":"closed","sticky":false,"template":"","format":"standard","meta":{"footnotes":""},"categories":[14,60,9],"tags":[],"class_list":["post-38932","post","type-post","status-publish","format-standard","has-post-thumbnail","hentry","category-destacadas","category-michoacan","category-morelia"],"_links":{"self":[{"href":"https:\/\/radiowebmx.com\/nota\/wp-json\/wp\/v2\/posts\/38932","targetHints":{"allow":["GET"]}}],"collection":[{"href":"https:\/\/radiowebmx.com\/nota\/wp-json\/wp\/v2\/posts"}],"about":[{"href":"https:\/\/radiowebmx.com\/nota\/wp-json\/wp\/v2\/types\/post"}],"author":[{"embeddable":true,"href":"https:\/\/radiowebmx.com\/nota\/wp-json\/wp\/v2\/users\/2"}],"replies":[{"embeddable":true,"href":"https:\/\/radiowebmx.com\/nota\/wp-json\/wp\/v2\/comments?post=38932"}],"version-history":[{"count":1,"href":"https:\/\/radiowebmx.com\/nota\/wp-json\/wp\/v2\/posts\/38932\/revisions"}],"predecessor-version":[{"id":38934,"href":"https:\/\/radiowebmx.com\/nota\/wp-json\/wp\/v2\/posts\/38932\/revisions\/38934"}],"wp:featuredmedia":[{"embeddable":true,"href":"https:\/\/radiowebmx.com\/nota\/wp-json\/wp\/v2\/media\/38933"}],"wp:attachment":[{"href":"https:\/\/radiowebmx.com\/nota\/wp-json\/wp\/v2\/media?parent=38932"}],"wp:term":[{"taxonomy":"category","embeddable":true,"href":"https:\/\/radiowebmx.com\/nota\/wp-json\/wp\/v2\/categories?post=38932"},{"taxonomy":"post_tag","embeddable":true,"href":"https:\/\/radiowebmx.com\/nota\/wp-json\/wp\/v2\/tags?post=38932"}],"curies":[{"name":"wp","href":"https:\/\/api.w.org\/{rel}","templated":true}]}}