{"id":38928,"date":"2017-06-30T13:19:03","date_gmt":"2017-06-30T18:19:03","guid":{"rendered":"https:\/\/radiowebmx.com\/nota\/?p=38928"},"modified":"2017-06-30T13:35:56","modified_gmt":"2017-06-30T18:35:56","slug":"se-abren-mas-espacios-para-la-musica-en-morelia","status":"publish","type":"post","link":"https:\/\/radiowebmx.com\/nota\/se-abren-mas-espacios-para-la-musica-en-morelia\/","title":{"rendered":"Se abren m\u00e1s espacios para la m\u00fasica en Morelia"},"content":{"rendered":"<p>El Festival Rafael M\u00e9ndez se realizar\u00e1 del 9 al 16 de julio y contar\u00e1 con concursos de trompeta, conciertos, cursos y exhibiciones de instrumentos.<\/p>\n<p>Tendr\u00e1 diversas sedes como el Conservatorio de las Rosas, el Museo de Arte Contempor\u00e1neo MACAZ, Palacio Municipal, el Teatro Ocampo y como invitado especial, estar\u00e1 presente el trompetista europeo, Giuliano Sommerhalder.<\/p>\n<p>Morelia, Mich., a 30 de junio de 2017<br \/>\nBOLET\u00cdN 1064\/2017<\/p>\n<p>El dar vida y eventos a espacios emblem\u00e1ticos de la ciudad es una de las principales acciones que traer\u00e1 el Festival Rafael M\u00e9ndez (FRM) asegur\u00f3 la Secretaria de Turismo de Morelia, Thelma Aquique Arrieta, en rueda de prensa para dar a conocer las actividades a desarrollarse del 9 al 16 de julio, fechas en las que los sonidos mel\u00f3dicos de metales y percusiones se conjuntar\u00e1n en la capital del estado.<\/p>\n<p>Acompa\u00f1ada por el Director de Promoci\u00f3n y Coordinaci\u00f3n Interinstitucional de la Secretar\u00eda de Cultura de Morelia, Ignacio Tena Vences; el Director de la Orquesta y Coro Esperanza Azteca Michoac\u00e1n y del FRM, Jos\u00e9 Alberto Cruz Beltr\u00e1n; el Rector del Conservatorio de las Rosas, Luis Jaime Cortez M\u00e9ndez y la Directora de Cultura de Jiquilpan, Ana Karen Herrera Far\u00edas, la encargada de la pol\u00edtica tur\u00edstica de esta ciudad resalt\u00f3 que el conocer las m\u00faltiples sedes que tendr\u00e1 el Festival con los conciertos dar\u00e1 otra \u00f3ptica a los asistentes y visitantes.<\/p>\n<p>Thelma Aquique, manifest\u00f3 que el arranque del FRM se suma a las m\u00e1s de 70 actividades que se tienen preparadas para este verano en Morelia y que iniciar\u00e1 con un concierto gratuito el 9 de julio, a las 18:00 horas en la Sala de Ni\u00f1os Cantores del Conservatorio de las Rosas, con la final del Concurso de Trompeta y Ceremonia de inauguraci\u00f3n.<\/p>\n<p>Aquique Arrieta asegur\u00f3 que este proyecto cultural organizado por la Orquesta y Coro Esperanza Azteca Michoac\u00e1n y que apoya el Ayuntamiento de Morelia, pondr\u00e1 el disfrute de la m\u00fasica al aire libre en los espacios peatonalizados de la ciudad, por lo que exhort\u00f3 a los morelianos a disfrutar de estas interpretaciones.<\/p>\n<p>Por su parte, el Director de Promoci\u00f3n y Coordinaci\u00f3n Interinstitucional, Ignacio Tena, afirm\u00f3 que este Festival fomenta la actividad musical de Morelia al proyectar los \u201cespacios abiertos\u201d, como ser\u00e1n dos conciertos programados en la calle Nigromante, en donde se ha remozado la vialidad para el disfrute del transe\u00fante o paseante, ambos eventos est\u00e1n programados para el pr\u00f3ximo 14 y 15 de julio en este lugar ubicado a un costado del Jard\u00edn de las Rosas.<\/p>\n<p>\u201cInaugurar de alguna manera esta esquina dentro de uno de los proyectos de Activaci\u00f3n Cultural de la Secretar\u00eda de Cultura, y que tenemos el honor que el Festival Rafael M\u00e9ndez tenga este escenario para tener estos conciertos en viernes y s\u00e1bado, mostrar\u00e1 la importancia de tener m\u00fasica en sitios espec\u00edficos con un tono y perfil musical que es importante\u201d, destac\u00f3.<\/p>\n<p>Tena Vences, asegur\u00f3 que este evento traer\u00e1 propuesta y una excelente interpretaci\u00f3n musical para el disfrute de los asistentes en los inmuebles del Centro Hist\u00f3rico de Morelia.<\/p>\n<p>Es de destacar que el Festival Rafael M\u00e9ndez tendr\u00e1 como invitado especial a Giuliano Sommerhalder, que es uno de los talentos m\u00e1s j\u00f3venes de Europa, con trayectoria como solista y trompetista de varias orquestas entre las que sobresalen la Filarm\u00f3nica de Rotterdam.<\/p>\n<p>Es importante mencionar que tendr\u00e1 extensi\u00f3n en Jiquilpan, municipio de donde era originario este trompetista, Rafael M\u00e9ndez, con un concierto el 16 de julio en el Santuario al Sagrado Coraz\u00f3n a las 18:00 horas.<\/p>\n<p>La cartelera completa estar\u00e1 en la red social del mismo festival Facebook\/Festival Rafael M\u00e9ndez y las del Ayuntamiento de Morelia.<\/p>\n","protected":false},"excerpt":{"rendered":"<p>El Festival Rafael M\u00e9ndez se realizar\u00e1 del 9 al 16 de julio y contar\u00e1 con concursos de trompeta, conciertos, cursos y exhibiciones de instrumentos. Tendr\u00e1 diversas sedes como el Conservatorio de las Rosas, el Museo de Arte Contempor\u00e1neo MACAZ, Palacio Municipal, el Teatro Ocampo y como invitado especial, estar\u00e1 presente el trompetista europeo, Giuliano Sommerhalder. [&hellip;]<\/p>\n","protected":false},"author":2,"featured_media":38929,"comment_status":"closed","ping_status":"closed","sticky":false,"template":"","format":"standard","meta":{"footnotes":""},"categories":[14,60,9],"tags":[],"class_list":["post-38928","post","type-post","status-publish","format-standard","has-post-thumbnail","hentry","category-destacadas","category-michoacan","category-morelia"],"_links":{"self":[{"href":"https:\/\/radiowebmx.com\/nota\/wp-json\/wp\/v2\/posts\/38928","targetHints":{"allow":["GET"]}}],"collection":[{"href":"https:\/\/radiowebmx.com\/nota\/wp-json\/wp\/v2\/posts"}],"about":[{"href":"https:\/\/radiowebmx.com\/nota\/wp-json\/wp\/v2\/types\/post"}],"author":[{"embeddable":true,"href":"https:\/\/radiowebmx.com\/nota\/wp-json\/wp\/v2\/users\/2"}],"replies":[{"embeddable":true,"href":"https:\/\/radiowebmx.com\/nota\/wp-json\/wp\/v2\/comments?post=38928"}],"version-history":[{"count":1,"href":"https:\/\/radiowebmx.com\/nota\/wp-json\/wp\/v2\/posts\/38928\/revisions"}],"predecessor-version":[{"id":38930,"href":"https:\/\/radiowebmx.com\/nota\/wp-json\/wp\/v2\/posts\/38928\/revisions\/38930"}],"wp:featuredmedia":[{"embeddable":true,"href":"https:\/\/radiowebmx.com\/nota\/wp-json\/wp\/v2\/media\/38929"}],"wp:attachment":[{"href":"https:\/\/radiowebmx.com\/nota\/wp-json\/wp\/v2\/media?parent=38928"}],"wp:term":[{"taxonomy":"category","embeddable":true,"href":"https:\/\/radiowebmx.com\/nota\/wp-json\/wp\/v2\/categories?post=38928"},{"taxonomy":"post_tag","embeddable":true,"href":"https:\/\/radiowebmx.com\/nota\/wp-json\/wp\/v2\/tags?post=38928"}],"curies":[{"name":"wp","href":"https:\/\/api.w.org\/{rel}","templated":true}]}}