{"id":38923,"date":"2017-06-30T11:28:53","date_gmt":"2017-06-30T16:28:53","guid":{"rendered":"https:\/\/radiowebmx.com\/nota\/?p=38923"},"modified":"2017-06-30T13:33:45","modified_gmt":"2017-06-30T18:33:45","slug":"arranca-ayuntamiento-de-morelia-campana-para-uso-adecuado-de-glorietas","status":"publish","type":"post","link":"https:\/\/radiowebmx.com\/nota\/arranca-ayuntamiento-de-morelia-campana-para-uso-adecuado-de-glorietas\/","title":{"rendered":"Arranca Ayuntamiento de Morelia campa\u00f1a para uso adecuado de glorietas"},"content":{"rendered":"<p>El Regidor Jorge Tinoco, las Direcciones de Infraestructura, Imagen Urbana y Comunicaci\u00f3n Social, trabajan de manera coordinada para fomentar la cultura vial en el municipio.<\/p>\n<p><a href=\"https:\/\/radiowebmx.com\/nota\/wp-content\/uploads\/2017\/06\/d0ac22ec-2372-4cd6-9c96-9c817c928155.jpeg\"><img loading=\"lazy\" decoding=\"async\" src=\"https:\/\/radiowebmx.com\/nota\/wp-content\/uploads\/2017\/06\/d0ac22ec-2372-4cd6-9c96-9c817c928155-595x634.jpeg\" alt=\"\" width=\"595\" height=\"634\" class=\"alignnone size-medium wp-image-38924\" srcset=\"https:\/\/radiowebmx.com\/nota\/wp-content\/uploads\/2017\/06\/d0ac22ec-2372-4cd6-9c96-9c817c928155-595x634.jpeg 595w, https:\/\/radiowebmx.com\/nota\/wp-content\/uploads\/2017\/06\/d0ac22ec-2372-4cd6-9c96-9c817c928155.jpeg 709w\" sizes=\"auto, (max-width: 595px) 100vw, 595px\" \/><\/a><\/p>\n<p><a href=\"https:\/\/radiowebmx.com\/nota\/wp-content\/uploads\/2017\/06\/31835880-9170-4746-8acb-663b6751b6c5.jpeg\"><img loading=\"lazy\" decoding=\"async\" src=\"https:\/\/radiowebmx.com\/nota\/wp-content\/uploads\/2017\/06\/31835880-9170-4746-8acb-663b6751b6c5-595x917.jpeg\" alt=\"\" width=\"595\" height=\"917\" class=\"alignnone size-medium wp-image-38925\" srcset=\"https:\/\/radiowebmx.com\/nota\/wp-content\/uploads\/2017\/06\/31835880-9170-4746-8acb-663b6751b6c5-595x917.jpeg 595w, https:\/\/radiowebmx.com\/nota\/wp-content\/uploads\/2017\/06\/31835880-9170-4746-8acb-663b6751b6c5.jpeg 709w\" sizes=\"auto, (max-width: 595px) 100vw, 595px\" \/><\/a><\/p>\n<p>Como parte de las acciones de concientizaci\u00f3n vial que realiza el Ayuntamiento de Morelia, este viernes, el Regidor, Jorge Luis Tinoco Ortiz, dio inicio a la Campa\u00f1a de circulaci\u00f3n por glorietas, mejorando as\u00ed el tr\u00e1nsito vehicular y garantizando la seguridad de peatones y automovilistas en la capital del estado.<\/p>\n<p>Frente a la glorieta ubicada en la Avenida Guadalupe Victoria, a unos metros del Colegio de Morelia y en compa\u00f1\u00eda del Director de Imagen Urbana, Juan Jos\u00e9 Ortiz L\u00f3pez; el Capit\u00e1n de la Polic\u00eda de Morelia, Mario Cossio Manr\u00edquez; as\u00ed como la Directora de Comunicaci\u00f3n Social, Miriam Alarc\u00f3n Ramos, el tambi\u00e9n coordinador de la Comisi\u00f3n de Desarrollo Urbano y Obras P\u00fablicas, resalt\u00f3 la importancia de informar a la ciudadan\u00eda sobre el adecuado uso de las rotondas y de los distribuidores viales que hay en la ciudad.<\/p>\n<p>Record\u00f3 que en la pasada Sesi\u00f3n Ordinaria del 14 de marzo, se aprob\u00f3 el Punto de Acuerdo para impulsar acciones en la materia, \u201cla intenci\u00f3n es socializar con los usuarios de los veh\u00edculos automotores la forma correcta de transitar por las glorietas para evitar accidentes automovil\u00edsticos y respetar el Reglamento de Tr\u00e1nsito Municipal\u201d, puntualiz\u00f3.<\/p>\n<p>Jorge Tinoco, destac\u00f3 que esta actividad forma parte de las estrategias promovidas por el Presidente Municipal, Alfonso Mart\u00ednez Alc\u00e1zar, para mejorar la movilidad en el municipio y establecer una correcta cultura vial.<\/p>\n<p>En este tenor, refiri\u00f3 que el Ayuntamiento capitalino, trabaja de manera permanente en el cumplimiento de lo establecido en el Plan Municipal de Desarrollo, as\u00ed como en la Carta Mexicana de los Derechos del Peat\u00f3n, a la cual se suscribi\u00f3 la Administraci\u00f3n el a\u00f1o pasado, mismos que est\u00e1n orientados a garantizar la accesibilidad universal y el equilibrio entre los diferentes usuarios del espacio p\u00fablico.<\/p>\n<p>De esta manera, el Regidor Independiente, as\u00ed como funcionarios y elementos de seguridad municipales, hicieron entrega de volantes a los automovilistas, a quienes invitaron a tomar la glorieta bajo tres principios fundamentales: dar preferencia a quien circula dentro de la rotonda, bajar la velocidad e incorporarse con precauci\u00f3n y a utilizar la direccional para avisar su salida.<\/p>\n<p>Para finalizar, adelant\u00f3 que el Gobierno Municipal en breve arrancar\u00e1 con una campa\u00f1a integral de cultura vial, al tiempo que indic\u00f3 que \u201ces tarea mejorar la circulaci\u00f3n vehicular\u201d.<\/p>\n<p>Cabe mencionar que estos operativos de concientizaci\u00f3n se llevar\u00e1n a cabo en las principales glorietas de la capital del estado, donde se continuar\u00e1 con la distribuci\u00f3n de volantes y se invitar\u00e1 a los automovilistas a hacer uso adecuado de las mismas.<\/p>\n","protected":false},"excerpt":{"rendered":"<p>El Regidor Jorge Tinoco, las Direcciones de Infraestructura, Imagen Urbana y Comunicaci\u00f3n Social, trabajan de manera coordinada para fomentar la cultura vial en el municipio. Como parte de las acciones de concientizaci\u00f3n vial que realiza el Ayuntamiento de Morelia, este viernes, el Regidor, Jorge Luis Tinoco Ortiz, dio inicio a la Campa\u00f1a de circulaci\u00f3n por [&hellip;]<\/p>\n","protected":false},"author":2,"featured_media":38924,"comment_status":"closed","ping_status":"closed","sticky":false,"template":"","format":"standard","meta":{"footnotes":""},"categories":[14,60,9],"tags":[],"class_list":["post-38923","post","type-post","status-publish","format-standard","has-post-thumbnail","hentry","category-destacadas","category-michoacan","category-morelia"],"_links":{"self":[{"href":"https:\/\/radiowebmx.com\/nota\/wp-json\/wp\/v2\/posts\/38923","targetHints":{"allow":["GET"]}}],"collection":[{"href":"https:\/\/radiowebmx.com\/nota\/wp-json\/wp\/v2\/posts"}],"about":[{"href":"https:\/\/radiowebmx.com\/nota\/wp-json\/wp\/v2\/types\/post"}],"author":[{"embeddable":true,"href":"https:\/\/radiowebmx.com\/nota\/wp-json\/wp\/v2\/users\/2"}],"replies":[{"embeddable":true,"href":"https:\/\/radiowebmx.com\/nota\/wp-json\/wp\/v2\/comments?post=38923"}],"version-history":[{"count":2,"href":"https:\/\/radiowebmx.com\/nota\/wp-json\/wp\/v2\/posts\/38923\/revisions"}],"predecessor-version":[{"id":38927,"href":"https:\/\/radiowebmx.com\/nota\/wp-json\/wp\/v2\/posts\/38923\/revisions\/38927"}],"wp:featuredmedia":[{"embeddable":true,"href":"https:\/\/radiowebmx.com\/nota\/wp-json\/wp\/v2\/media\/38924"}],"wp:attachment":[{"href":"https:\/\/radiowebmx.com\/nota\/wp-json\/wp\/v2\/media?parent=38923"}],"wp:term":[{"taxonomy":"category","embeddable":true,"href":"https:\/\/radiowebmx.com\/nota\/wp-json\/wp\/v2\/categories?post=38923"},{"taxonomy":"post_tag","embeddable":true,"href":"https:\/\/radiowebmx.com\/nota\/wp-json\/wp\/v2\/tags?post=38923"}],"curies":[{"name":"wp","href":"https:\/\/api.w.org\/{rel}","templated":true}]}}