{"id":38918,"date":"2017-06-28T17:39:51","date_gmt":"2017-06-28T22:39:51","guid":{"rendered":"https:\/\/radiowebmx.com\/nota\/?p=38918"},"modified":"2017-06-30T11:42:03","modified_gmt":"2017-06-30T16:42:03","slug":"necesario-fortalecer-la-educacion-y-los-valores-para-construir-un-mejor-futuro-para-los-ninos-y-ninas-diputados","status":"publish","type":"post","link":"https:\/\/radiowebmx.com\/nota\/necesario-fortalecer-la-educacion-y-los-valores-para-construir-un-mejor-futuro-para-los-ninos-y-ninas-diputados\/","title":{"rendered":"Necesario fortalecer la educaci\u00f3n y los valores, para construir un mejor futuro para los ni\u00f1os y ni\u00f1as: diputados"},"content":{"rendered":"<p>Morelia; Michoac\u00e1n, 28 de junio de 2017.-  Fortalecer la educaci\u00f3n y fomentar desde la infancia los valores, principios, deberes y responsabilidades, para conseguir un mundo m\u00e1s desarrollado, lleno de compromiso social, colmado de acciones de amor, tolerancia hacia nuestro pr\u00f3jimo y nuestras acciones, se\u00f1al\u00f3 el diputado Pascual Sigala P\u00e1ez, Presidente del Congreso del Estado ante el Pleno del Poder Legislativo durante la entrega de la Declaratoria y Puntos Resolutivos a la LXXIII Legislatura, por parte de los doce diputados infantiles que integraron el 10 Parlamento de los Ni\u00f1os y las Ni\u00f1as de M\u00e9xico.<br \/>\n <a href=\"https:\/\/radiowebmx.com\/nota\/wp-content\/uploads\/2017\/06\/Comunicado-898-2.jpg\"><img loading=\"lazy\" decoding=\"async\" src=\"https:\/\/radiowebmx.com\/nota\/wp-content\/uploads\/2017\/06\/Comunicado-898-2-595x397.jpg\" alt=\"\" width=\"595\" height=\"397\" class=\"alignnone size-medium wp-image-38920\" srcset=\"https:\/\/radiowebmx.com\/nota\/wp-content\/uploads\/2017\/06\/Comunicado-898-2-595x397.jpg 595w, https:\/\/radiowebmx.com\/nota\/wp-content\/uploads\/2017\/06\/Comunicado-898-2-272x182.jpg 272w, https:\/\/radiowebmx.com\/nota\/wp-content\/uploads\/2017\/06\/Comunicado-898-2.jpg 709w\" sizes=\"auto, (max-width: 595px) 100vw, 595px\" \/><\/a><br \/>\nAsimismo, en un evento protocolario en donde asistieron los diputados Belinda Iturbide, Daniel Moncada S\u00e1nchez, Wilfrido L\u00e1zaro Medina, Nalleli Pedraza, H\u00e9ctor G\u00f3mez Trujillo, Manuel Mel\u00e9ndez, Mary Carmen Bernal y Ra\u00fal Prieto, los ni\u00f1os Carlos Ramos Rodr\u00edguez, Ailen Vargas Rodr\u00edguez, Alma Hern\u00e1ndez Castro, Carolina Valencia Anguiano, Joana Vega \u00c1vila, Carol Cruz Garc\u00eda, Manlio Ch Far\u00edas, Ricardo Malfav\u00f3n Aguilar, Arleth  Villase\u00f1or Baz\u00e1n, Jocelyn L\u00f3pez Zavala, Carlos I\u00f1iguez Pichardo y Lesly Hern\u00e1ndez Guerrero, hicieron un llamado a las autoridades para fortalecer la educaci\u00f3n, la inseguridad, a recuperar los valores \u00e9ticos, erradicar la corrupci\u00f3n y conducirse con honestidad y honradez, e hicieron especial \u00e9nfasis en reforzar el n\u00facleo familiar.  <\/p>\n<p>Precisaron que el haber participado en un ejercicio como el 10\u00b0 Parlamento Infantil de M\u00e9xico, que se realiz\u00f3 el pasado 11 de febrero en el Congreso de la Uni\u00f3n, en donde fueron seleccionados entre 786 ni\u00f1os aspirantes de forma democr\u00e1tica entre los 9 mil 671 alumnos de las escuelas del estado, les dio la oportunidad de alzar la voz y poder expresar desde su perspectiva, los problemas y posibles soluciones que existen en la entidad.<\/p>\n<p>En este sentido la diputada Belinda Iturbide reconoci\u00f3 el trabajo, la creatividad en los temas que manejaron los infantes, etiquet\u00e1ndolos como de inter\u00e9s general, y les hizo un llamado a continuar con el mismo \u00edmpetu trabajando y contribuyendo a tener un mejor entorno.  <\/p>\n<p>Por su parte el diputado Daniel Moncada se\u00f1al\u00f3 que el pa\u00eds est\u00e1 en la \u00e9poca m\u00e1s complicada de la historia, por lo que a nombre de su generaci\u00f3n pidi\u00f3 una disculpa a los ni\u00f1os y ni\u00f1as michoacanos por dejarles el paquete que tienen tan grande enfrente, y les hizo un llamado a seguir llevando el mensaje a las dem\u00e1s personas para construir desde el presente un mejor futuro.<\/p>\n<p>Finalmente, los parlamentarios coincidieron que las propuestas de los menores son dignas de replicar e impulsar, e hicieron un llamado a sus hom\u00f3logos infantiles a convertirse en embajadores del dialogo, de la honestidad y tolerancia, adem\u00e1s de nunca abandonar sus sue\u00f1os y perseguir sus objetivos.<\/p>\n<p>Cabe se\u00f1alar que tambi\u00e9n estuvieron presentes David Delgado Arroyo, Vocal Ejecutivo del INE en Michoac\u00e1n; Rub\u00e9n Herrera Rodr\u00edguez, presidente del TEEM; Ram\u00f3n Hern\u00e1ndez Reyes, presidente del Consejo General del Instituto Electoral de Michoac\u00e1n.<\/p>\n","protected":false},"excerpt":{"rendered":"<p>Morelia; Michoac\u00e1n, 28 de junio de 2017.- Fortalecer la educaci\u00f3n y fomentar desde la infancia los valores, principios, deberes y responsabilidades, para conseguir un mundo m\u00e1s desarrollado, lleno de compromiso social, colmado de acciones de amor, tolerancia hacia nuestro pr\u00f3jimo y nuestras acciones, se\u00f1al\u00f3 el diputado Pascual Sigala P\u00e1ez, Presidente del Congreso del Estado ante [&hellip;]<\/p>\n","protected":false},"author":2,"featured_media":38919,"comment_status":"closed","ping_status":"closed","sticky":false,"template":"","format":"standard","meta":{"footnotes":""},"categories":[6,14],"tags":[],"class_list":["post-38918","post","type-post","status-publish","format-standard","has-post-thumbnail","hentry","category-congreso-del-estado","category-destacadas"],"_links":{"self":[{"href":"https:\/\/radiowebmx.com\/nota\/wp-json\/wp\/v2\/posts\/38918","targetHints":{"allow":["GET"]}}],"collection":[{"href":"https:\/\/radiowebmx.com\/nota\/wp-json\/wp\/v2\/posts"}],"about":[{"href":"https:\/\/radiowebmx.com\/nota\/wp-json\/wp\/v2\/types\/post"}],"author":[{"embeddable":true,"href":"https:\/\/radiowebmx.com\/nota\/wp-json\/wp\/v2\/users\/2"}],"replies":[{"embeddable":true,"href":"https:\/\/radiowebmx.com\/nota\/wp-json\/wp\/v2\/comments?post=38918"}],"version-history":[{"count":1,"href":"https:\/\/radiowebmx.com\/nota\/wp-json\/wp\/v2\/posts\/38918\/revisions"}],"predecessor-version":[{"id":38921,"href":"https:\/\/radiowebmx.com\/nota\/wp-json\/wp\/v2\/posts\/38918\/revisions\/38921"}],"wp:featuredmedia":[{"embeddable":true,"href":"https:\/\/radiowebmx.com\/nota\/wp-json\/wp\/v2\/media\/38919"}],"wp:attachment":[{"href":"https:\/\/radiowebmx.com\/nota\/wp-json\/wp\/v2\/media?parent=38918"}],"wp:term":[{"taxonomy":"category","embeddable":true,"href":"https:\/\/radiowebmx.com\/nota\/wp-json\/wp\/v2\/categories?post=38918"},{"taxonomy":"post_tag","embeddable":true,"href":"https:\/\/radiowebmx.com\/nota\/wp-json\/wp\/v2\/tags?post=38918"}],"curies":[{"name":"wp","href":"https:\/\/api.w.org\/{rel}","templated":true}]}}