{"id":38896,"date":"2017-06-29T20:11:17","date_gmt":"2017-06-30T01:11:17","guid":{"rendered":"https:\/\/radiowebmx.com\/nota\/?p=38896"},"modified":"2017-06-30T11:14:40","modified_gmt":"2017-06-30T16:14:40","slug":"gobierno-del-estado-por-trabajar-en-unidad-por-la-capital-michoacana","status":"publish","type":"post","link":"https:\/\/radiowebmx.com\/nota\/gobierno-del-estado-por-trabajar-en-unidad-por-la-capital-michoacana\/","title":{"rendered":"Gobierno del Estado, por trabajar en unidad por la capital michoacana"},"content":{"rendered":"<p>El coordinador de Asesores del Poder Ejecutivo, Antonio Soto, se pronuncia por conjuntar las Caravanas #CercaDeTi y el programa municipal Presidente en Tu colonia.<\/p>\n<p>Este jueves la Caravana n\u00famero 19 lleg\u00f3 a la colonia Granjas del Maestro, del Ejido Francisco Villa.<\/p>\n<p>Morelia, Michoac\u00e1n, a 29 de junio de 2017.- La coordinaci\u00f3n en pro de las y los morelianos es la mejor v\u00eda para lograr el bienestar com\u00fan, sostuvo el coordinador de Asesores del Poder Ejecutivo, Antonio Soto S\u00e1nchez, en el mensaje que dirigi\u00f3 en la colonia Granjas del Maestro del Ejido Francisco Villa, a donde la tarde de este jueves lleg\u00f3 la Caravana #CercaDeTi n\u00famero 19.<br \/>\n<a href=\"https:\/\/radiowebmx.com\/nota\/wp-content\/uploads\/2017\/06\/de0b360c-a9c2-45d0-8c41-5c2e2a3c8cc9.jpeg\"><img loading=\"lazy\" decoding=\"async\" src=\"https:\/\/radiowebmx.com\/nota\/wp-content\/uploads\/2017\/06\/de0b360c-a9c2-45d0-8c41-5c2e2a3c8cc9-595x461.jpeg\" alt=\"\" width=\"595\" height=\"461\" class=\"alignnone size-medium wp-image-38897\" srcset=\"https:\/\/radiowebmx.com\/nota\/wp-content\/uploads\/2017\/06\/de0b360c-a9c2-45d0-8c41-5c2e2a3c8cc9-595x461.jpeg 595w, https:\/\/radiowebmx.com\/nota\/wp-content\/uploads\/2017\/06\/de0b360c-a9c2-45d0-8c41-5c2e2a3c8cc9.jpeg 609w\" sizes=\"auto, (max-width: 595px) 100vw, 595px\" \/><\/a><br \/>\nEn este marco, el tambi\u00e9n el enlace del Gobierno del Estado para la Regi\u00f3n III Morelia-Cuitzeo ratific\u00f3 la disposici\u00f3n de la administraci\u00f3n que encabeza el Gobernador Silvano Aureoles Conejo para que exista una colaboraci\u00f3n plena encaminada a la integraci\u00f3n de los servicios y programas de desarrollo social en beneficio de las y los morelianos.<\/p>\n<p>En este tenor, hizo un llamado para conjuntar las Caravanas #CercaDeTi y el programa municipal Presidente en tu colonia, \u201cdos importantes iniciativas de trabajo que nos permitir\u00e1n una correlaci\u00f3n nunca antes lograda en la capital, impulsar la vocaci\u00f3n tur\u00edstica de la ciudad y, al mismo tiempo, priorizar el desarrollo integral de los sectores m\u00e1s vulnerables, para que mediante acciones tangibles logren vivir con dignidad&#8221;.<\/p>\n<p>Se pronunci\u00f3 por anteponer el bienestar de la gente a los intereses particulares, para que en consecuencia se apoyen, atiendan y resuelvan con urgencia las necesidades m\u00e1s apremiantes de la poblaci\u00f3n moreliana para que logre mejorar sus condiciones de vida, ya que durante a\u00f1os fue relegada de los programas gubernamentales y que hoy, reciben, por separado, la atenci\u00f3n de los Gobiernos Estatal y Municipal.<\/p>\n<p>&#8220;Ratificamos la disposici\u00f3n del Gobierno del Estado para unirnos a cualquier administraci\u00f3n gubernamental, sin distingo de colores o partidos, siempre a favor de la gente que m\u00e1s lo necesita. Es momento de unir esfuerzos para resolver los problemas de nuestra ciudad, de trabajar unidos para combatir las necesidades de la poblaci\u00f3n, de reforzar y redoblar acciones conjuntas, y con ello lograr el desarrollo integral, constante y duradero&#8221;, puntualiz\u00f3 al concluir el evento realizado en la plazuela donde se dieron cita 21 dependencias.<\/p>\n<p>Al evento tambi\u00e9n asistieron la secretaria de Cultura, Silvia Figueroa Zamudio; los secretarios de Salud, El\u00edas Ibarra Torres y de Desarrollo Territorial, Urbano y Movilidad, Sergio Adem Argueta; as\u00ed como la directora general de la Comisi\u00f3n Estatal de Cultura F\u00edsica y Deporte, Edna Gisel D\u00edaz Acevedo; la directora general del Instituto de la Juventud Michoac\u00e1n, Giulianna Bugarini Torres y el director del Registro Civil, Hugo Gama Coria.<\/p>\n","protected":false},"excerpt":{"rendered":"<p>El coordinador de Asesores del Poder Ejecutivo, Antonio Soto, se pronuncia por conjuntar las Caravanas #CercaDeTi y el programa municipal Presidente en Tu colonia. Este jueves la Caravana n\u00famero 19 lleg\u00f3 a la colonia Granjas del Maestro, del Ejido Francisco Villa. Morelia, Michoac\u00e1n, a 29 de junio de 2017.- La coordinaci\u00f3n en pro de las [&hellip;]<\/p>\n","protected":false},"author":2,"featured_media":38898,"comment_status":"closed","ping_status":"closed","sticky":false,"template":"","format":"standard","meta":{"footnotes":""},"categories":[14,3,60],"tags":[],"class_list":["post-38896","post","type-post","status-publish","format-standard","has-post-thumbnail","hentry","category-destacadas","category-gobierno-del-estado-de-michoacan","category-michoacan"],"_links":{"self":[{"href":"https:\/\/radiowebmx.com\/nota\/wp-json\/wp\/v2\/posts\/38896","targetHints":{"allow":["GET"]}}],"collection":[{"href":"https:\/\/radiowebmx.com\/nota\/wp-json\/wp\/v2\/posts"}],"about":[{"href":"https:\/\/radiowebmx.com\/nota\/wp-json\/wp\/v2\/types\/post"}],"author":[{"embeddable":true,"href":"https:\/\/radiowebmx.com\/nota\/wp-json\/wp\/v2\/users\/2"}],"replies":[{"embeddable":true,"href":"https:\/\/radiowebmx.com\/nota\/wp-json\/wp\/v2\/comments?post=38896"}],"version-history":[{"count":1,"href":"https:\/\/radiowebmx.com\/nota\/wp-json\/wp\/v2\/posts\/38896\/revisions"}],"predecessor-version":[{"id":38899,"href":"https:\/\/radiowebmx.com\/nota\/wp-json\/wp\/v2\/posts\/38896\/revisions\/38899"}],"wp:featuredmedia":[{"embeddable":true,"href":"https:\/\/radiowebmx.com\/nota\/wp-json\/wp\/v2\/media\/38898"}],"wp:attachment":[{"href":"https:\/\/radiowebmx.com\/nota\/wp-json\/wp\/v2\/media?parent=38896"}],"wp:term":[{"taxonomy":"category","embeddable":true,"href":"https:\/\/radiowebmx.com\/nota\/wp-json\/wp\/v2\/categories?post=38896"},{"taxonomy":"post_tag","embeddable":true,"href":"https:\/\/radiowebmx.com\/nota\/wp-json\/wp\/v2\/tags?post=38896"}],"curies":[{"name":"wp","href":"https:\/\/api.w.org\/{rel}","templated":true}]}}