{"id":38889,"date":"2017-06-29T19:09:57","date_gmt":"2017-06-30T00:09:57","guid":{"rendered":"https:\/\/radiowebmx.com\/nota\/?p=38889"},"modified":"2017-06-30T11:00:46","modified_gmt":"2017-06-30T16:00:46","slug":"peatonalizacion-del-centro-historico-atractivo-turistico-que-lucira-este-verano-en-morelia","status":"publish","type":"post","link":"https:\/\/radiowebmx.com\/nota\/peatonalizacion-del-centro-historico-atractivo-turistico-que-lucira-este-verano-en-morelia\/","title":{"rendered":"Peatonalizaci\u00f3n del Centro Hist\u00f3rico, atractivo tur\u00edstico que lucir\u00e1 este verano en Morelia"},"content":{"rendered":"<p>Turistas y habitantes disfrutar\u00e1n de las calles peatonalizadas y el mobiliario colocado en el Primer Cuadro de la ciudad de Morelia estas vacaciones de verano, asegur\u00f3 el Secretario de Desarrollo Metropolitano e Infraestructura, Juan Fernando Sosa Tapia, las cuales cuentan con m\u00e1s del 70 por ciento de avance en estas obras.<br \/>\n<a href=\"https:\/\/radiowebmx.com\/nota\/wp-content\/uploads\/2017\/06\/a2c9ce40-bd12-4a4e-9dad-38308d730381.jpeg\"><img loading=\"lazy\" decoding=\"async\" src=\"https:\/\/radiowebmx.com\/nota\/wp-content\/uploads\/2017\/06\/a2c9ce40-bd12-4a4e-9dad-38308d730381-595x498.jpeg\" alt=\"\" width=\"595\" height=\"498\" class=\"alignnone size-medium wp-image-38798\" srcset=\"https:\/\/radiowebmx.com\/nota\/wp-content\/uploads\/2017\/06\/a2c9ce40-bd12-4a4e-9dad-38308d730381-595x498.jpeg 595w, https:\/\/radiowebmx.com\/nota\/wp-content\/uploads\/2017\/06\/a2c9ce40-bd12-4a4e-9dad-38308d730381.jpeg 709w\" sizes=\"auto, (max-width: 595px) 100vw, 595px\" \/><\/a><br \/>\nAnte la proximidad de la temporada vacacional Sosa Tapia, expres\u00f3 que la Urbe de la Cantera Rosa contar\u00e1 con otra cara para recibir a visitantes e incluso a los mismos morelianos que podr\u00e1n disfrutar m\u00e1s de estos espacios recreacionales y de descanso.<\/p>\n<p>El encargado de la ejecuci\u00f3n y supervisi\u00f3n de la obra p\u00fablica de Morelia afirm\u00f3 que el Centro y su peatonalizaci\u00f3n, tiene actualmente m\u00e1s espacio para los transe\u00fantes, personas con discapacidad, adultos mayores y los usuarios de transporte alternativo.<\/p>\n<p>Si bien se espera una intensa actividad por los eventos preparados por el Gobierno Municipal para este verano, el uso del mobiliario y la transformaci\u00f3n de 7 calles del Primer Cuadro son ya evidentes con la consolidaci\u00f3n de un Circuito Peatonal.<\/p>\n<p>\u201cQueremos dejar obras de primer nivel, como lo es esta intervenci\u00f3n y peatonalizaci\u00f3n de las calles del Coraz\u00f3n de Morelia \u201c, resalt\u00f3.<\/p>\n<p>De esta manera, el Secretario de Desarrollo Metropolitano e Infraestructura, Juan Fernando Sosa, afirm\u00f3 que este proyecto se encamina a reactivar el turismo, la econom\u00eda del Centro Hist\u00f3rico y la convivencia social.<\/p>\n","protected":false},"excerpt":{"rendered":"<p>Turistas y habitantes disfrutar\u00e1n de las calles peatonalizadas y el mobiliario colocado en el Primer Cuadro de la ciudad de Morelia estas vacaciones de verano, asegur\u00f3 el Secretario de Desarrollo Metropolitano e Infraestructura, Juan Fernando Sosa Tapia, las cuales cuentan con m\u00e1s del 70 por ciento de avance en estas obras. Ante la proximidad de [&hellip;]<\/p>\n","protected":false},"author":2,"featured_media":38890,"comment_status":"closed","ping_status":"closed","sticky":false,"template":"","format":"standard","meta":{"footnotes":""},"categories":[14,60,9],"tags":[],"class_list":["post-38889","post","type-post","status-publish","format-standard","has-post-thumbnail","hentry","category-destacadas","category-michoacan","category-morelia"],"_links":{"self":[{"href":"https:\/\/radiowebmx.com\/nota\/wp-json\/wp\/v2\/posts\/38889","targetHints":{"allow":["GET"]}}],"collection":[{"href":"https:\/\/radiowebmx.com\/nota\/wp-json\/wp\/v2\/posts"}],"about":[{"href":"https:\/\/radiowebmx.com\/nota\/wp-json\/wp\/v2\/types\/post"}],"author":[{"embeddable":true,"href":"https:\/\/radiowebmx.com\/nota\/wp-json\/wp\/v2\/users\/2"}],"replies":[{"embeddable":true,"href":"https:\/\/radiowebmx.com\/nota\/wp-json\/wp\/v2\/comments?post=38889"}],"version-history":[{"count":1,"href":"https:\/\/radiowebmx.com\/nota\/wp-json\/wp\/v2\/posts\/38889\/revisions"}],"predecessor-version":[{"id":38891,"href":"https:\/\/radiowebmx.com\/nota\/wp-json\/wp\/v2\/posts\/38889\/revisions\/38891"}],"wp:featuredmedia":[{"embeddable":true,"href":"https:\/\/radiowebmx.com\/nota\/wp-json\/wp\/v2\/media\/38890"}],"wp:attachment":[{"href":"https:\/\/radiowebmx.com\/nota\/wp-json\/wp\/v2\/media?parent=38889"}],"wp:term":[{"taxonomy":"category","embeddable":true,"href":"https:\/\/radiowebmx.com\/nota\/wp-json\/wp\/v2\/categories?post=38889"},{"taxonomy":"post_tag","embeddable":true,"href":"https:\/\/radiowebmx.com\/nota\/wp-json\/wp\/v2\/tags?post=38889"}],"curies":[{"name":"wp","href":"https:\/\/api.w.org\/{rel}","templated":true}]}}