{"id":38846,"date":"2017-06-29T12:49:30","date_gmt":"2017-06-29T17:49:30","guid":{"rendered":"https:\/\/radiowebmx.com\/nota\/?p=38846"},"modified":"2017-06-29T14:46:21","modified_gmt":"2017-06-29T19:46:21","slug":"mexico-necesita-un-cambio-de-regimen-silvano-aureoles","status":"publish","type":"post","link":"https:\/\/radiowebmx.com\/nota\/mexico-necesita-un-cambio-de-regimen-silvano-aureoles\/","title":{"rendered":"M\u00e9xico necesita un cambio de r\u00e9gimen: Silvano Aureoles"},"content":{"rendered":"<p>Morelia, Michoac\u00e1n, a 29 de junio de 2017.- El Gobernador Constitucional Silvano Aureoles Conejo, recibi\u00f3 esta ma\u00f1ana al ex director del diario espa\u00f1ol El Pa\u00eds, Javier Morena, con quien dialog\u00f3 en torno al cambio de r\u00e9gimen que requiere M\u00e9xico para avanzar hacia una verdadera democracia.<br \/>\n<a href=\"https:\/\/radiowebmx.com\/nota\/wp-content\/uploads\/2017\/06\/2d50c87c-2ac5-40dc-93a9-7b51254161b6.jpg\"><img loading=\"lazy\" decoding=\"async\" src=\"https:\/\/radiowebmx.com\/nota\/wp-content\/uploads\/2017\/06\/2d50c87c-2ac5-40dc-93a9-7b51254161b6-595x365.jpg\" alt=\"\" width=\"595\" height=\"365\" class=\"alignnone size-medium wp-image-38848\" srcset=\"https:\/\/radiowebmx.com\/nota\/wp-content\/uploads\/2017\/06\/2d50c87c-2ac5-40dc-93a9-7b51254161b6-595x365.jpg 595w, https:\/\/radiowebmx.com\/nota\/wp-content\/uploads\/2017\/06\/2d50c87c-2ac5-40dc-93a9-7b51254161b6.jpg 709w\" sizes=\"auto, (max-width: 595px) 100vw, 595px\" \/><\/a><\/p>\n<p>En el marco de la visita del experto espa\u00f1ol a la entidad con motivo de la conferencia magistral &#8220;\u00bfEs el final de la democracia?\u201d, que ofreci\u00f3 el pasado mi\u00e9rcoles, el mandatario estatal comparti\u00f3 su punto de vista sobre la nueva era que se vive en nuestro pa\u00eds donde es necesaria una mayor colaboraci\u00f3n de la ciudadan\u00eda en el trabajo que realizan los gobiernos, para garantizar la transparencia, rendici\u00f3n de cuentas y democracia participativa.<\/p>\n","protected":false},"excerpt":{"rendered":"<p>Morelia, Michoac\u00e1n, a 29 de junio de 2017.- El Gobernador Constitucional Silvano Aureoles Conejo, recibi\u00f3 esta ma\u00f1ana al ex director del diario espa\u00f1ol El Pa\u00eds, Javier Morena, con quien dialog\u00f3 en torno al cambio de r\u00e9gimen que requiere M\u00e9xico para avanzar hacia una verdadera democracia. En el marco de la visita del experto espa\u00f1ol a [&hellip;]<\/p>\n","protected":false},"author":2,"featured_media":38847,"comment_status":"closed","ping_status":"closed","sticky":false,"template":"","format":"standard","meta":{"footnotes":""},"categories":[14,3,60],"tags":[],"class_list":["post-38846","post","type-post","status-publish","format-standard","has-post-thumbnail","hentry","category-destacadas","category-gobierno-del-estado-de-michoacan","category-michoacan"],"_links":{"self":[{"href":"https:\/\/radiowebmx.com\/nota\/wp-json\/wp\/v2\/posts\/38846","targetHints":{"allow":["GET"]}}],"collection":[{"href":"https:\/\/radiowebmx.com\/nota\/wp-json\/wp\/v2\/posts"}],"about":[{"href":"https:\/\/radiowebmx.com\/nota\/wp-json\/wp\/v2\/types\/post"}],"author":[{"embeddable":true,"href":"https:\/\/radiowebmx.com\/nota\/wp-json\/wp\/v2\/users\/2"}],"replies":[{"embeddable":true,"href":"https:\/\/radiowebmx.com\/nota\/wp-json\/wp\/v2\/comments?post=38846"}],"version-history":[{"count":1,"href":"https:\/\/radiowebmx.com\/nota\/wp-json\/wp\/v2\/posts\/38846\/revisions"}],"predecessor-version":[{"id":38849,"href":"https:\/\/radiowebmx.com\/nota\/wp-json\/wp\/v2\/posts\/38846\/revisions\/38849"}],"wp:featuredmedia":[{"embeddable":true,"href":"https:\/\/radiowebmx.com\/nota\/wp-json\/wp\/v2\/media\/38847"}],"wp:attachment":[{"href":"https:\/\/radiowebmx.com\/nota\/wp-json\/wp\/v2\/media?parent=38846"}],"wp:term":[{"taxonomy":"category","embeddable":true,"href":"https:\/\/radiowebmx.com\/nota\/wp-json\/wp\/v2\/categories?post=38846"},{"taxonomy":"post_tag","embeddable":true,"href":"https:\/\/radiowebmx.com\/nota\/wp-json\/wp\/v2\/tags?post=38846"}],"curies":[{"name":"wp","href":"https:\/\/api.w.org\/{rel}","templated":true}]}}