{"id":38831,"date":"2017-06-28T11:45:15","date_gmt":"2017-06-28T16:45:15","guid":{"rendered":"https:\/\/radiowebmx.com\/nota\/?p=38831"},"modified":"2017-06-28T12:24:23","modified_gmt":"2017-06-28T17:24:23","slug":"impulsa-cobaem-la-igualdad-de-genero","status":"publish","type":"post","link":"https:\/\/radiowebmx.com\/nota\/impulsa-cobaem-la-igualdad-de-genero\/","title":{"rendered":"Impulsa Cobaem la igualdad de g\u00e9nero"},"content":{"rendered":"<p>Santa Ana Maya, Michoac\u00e1n, a 28 de junio de 2017.- En el marco del programa Cultura de Paz y ante m\u00e1s de 495 estudiantes del plantel del Colegio de Bachilleres del Estado de Michoac\u00e1n (Cobaem) en Santa Ana Maya, el director de Capacitaci\u00f3n de la Comisi\u00f3n Estatal de los Derechos Humanos (CEDH), Gerardo Andr\u00e9s Herrera P\u00e9rez, dict\u00f3 la conferencia \u201cDerechos Humanos de los J\u00f3venes\u201d.<br \/>\n <a href=\"https:\/\/radiowebmx.com\/nota\/wp-content\/uploads\/2017\/06\/0ab3336d-e941-4b9d-9507-dc6a65eda00c.jpg\"><img loading=\"lazy\" decoding=\"async\" src=\"https:\/\/radiowebmx.com\/nota\/wp-content\/uploads\/2017\/06\/0ab3336d-e941-4b9d-9507-dc6a65eda00c-595x443.jpg\" alt=\"\" width=\"595\" height=\"443\" class=\"alignnone size-medium wp-image-38832\" srcset=\"https:\/\/radiowebmx.com\/nota\/wp-content\/uploads\/2017\/06\/0ab3336d-e941-4b9d-9507-dc6a65eda00c-595x443.jpg 595w, https:\/\/radiowebmx.com\/nota\/wp-content\/uploads\/2017\/06\/0ab3336d-e941-4b9d-9507-dc6a65eda00c.jpg 709w\" sizes=\"auto, (max-width: 595px) 100vw, 595px\" \/><\/a><br \/>\nHerrera P\u00e9rez destac\u00f3 que en la declaraci\u00f3n sobre la contribuci\u00f3n de las mujeres a una Cultura de Paz se afirma que \u201cpara combatir violencia tenemos que resolver problemas como la violencia que se ejerce contra ellas en el hogar, los actos y reflejos de agresi\u00f3n e intolerancia en la vida cotidiana, la trivializaci\u00f3n de la violencia en los medios de comunicaci\u00f3n, la glorificaci\u00f3n impl\u00edcita de la guerra en la ense\u00f1anza de la historia y la negaci\u00f3n de los derechos humanos fundamentales y las libertades democr\u00e1ticas\u201d.<\/p>\n<p>Subray\u00f3 que es fundamental garantizar la igualdad de acceso y oportunidades para todos los j\u00f3venes, principalmente las mujeres, pues esto puede ayudar a lograr cambios de actitudes y mentalidades que potencialicen el desarrollo de una verdadera y duradera cultura de paz.<\/p>\n<p>A la conferencia asistieron tambi\u00e9n 80 padres de familia, quienes se mostraron entusiastas e interesados en la tem\u00e1tica.<\/p>\n","protected":false},"excerpt":{"rendered":"<p>Santa Ana Maya, Michoac\u00e1n, a 28 de junio de 2017.- En el marco del programa Cultura de Paz y ante m\u00e1s de 495 estudiantes del plantel del Colegio de Bachilleres del Estado de Michoac\u00e1n (Cobaem) en Santa Ana Maya, el director de Capacitaci\u00f3n de la Comisi\u00f3n Estatal de los Derechos Humanos (CEDH), Gerardo Andr\u00e9s Herrera [&hellip;]<\/p>\n","protected":false},"author":2,"featured_media":38832,"comment_status":"closed","ping_status":"closed","sticky":false,"template":"","format":"standard","meta":{"footnotes":""},"categories":[14,3,60],"tags":[],"class_list":["post-38831","post","type-post","status-publish","format-standard","has-post-thumbnail","hentry","category-destacadas","category-gobierno-del-estado-de-michoacan","category-michoacan"],"_links":{"self":[{"href":"https:\/\/radiowebmx.com\/nota\/wp-json\/wp\/v2\/posts\/38831","targetHints":{"allow":["GET"]}}],"collection":[{"href":"https:\/\/radiowebmx.com\/nota\/wp-json\/wp\/v2\/posts"}],"about":[{"href":"https:\/\/radiowebmx.com\/nota\/wp-json\/wp\/v2\/types\/post"}],"author":[{"embeddable":true,"href":"https:\/\/radiowebmx.com\/nota\/wp-json\/wp\/v2\/users\/2"}],"replies":[{"embeddable":true,"href":"https:\/\/radiowebmx.com\/nota\/wp-json\/wp\/v2\/comments?post=38831"}],"version-history":[{"count":1,"href":"https:\/\/radiowebmx.com\/nota\/wp-json\/wp\/v2\/posts\/38831\/revisions"}],"predecessor-version":[{"id":38833,"href":"https:\/\/radiowebmx.com\/nota\/wp-json\/wp\/v2\/posts\/38831\/revisions\/38833"}],"wp:featuredmedia":[{"embeddable":true,"href":"https:\/\/radiowebmx.com\/nota\/wp-json\/wp\/v2\/media\/38832"}],"wp:attachment":[{"href":"https:\/\/radiowebmx.com\/nota\/wp-json\/wp\/v2\/media?parent=38831"}],"wp:term":[{"taxonomy":"category","embeddable":true,"href":"https:\/\/radiowebmx.com\/nota\/wp-json\/wp\/v2\/categories?post=38831"},{"taxonomy":"post_tag","embeddable":true,"href":"https:\/\/radiowebmx.com\/nota\/wp-json\/wp\/v2\/tags?post=38831"}],"curies":[{"name":"wp","href":"https:\/\/api.w.org\/{rel}","templated":true}]}}