{"id":38821,"date":"2017-06-27T17:55:07","date_gmt":"2017-06-27T22:55:07","guid":{"rendered":"https:\/\/radiowebmx.com\/nota\/?p=38821"},"modified":"2017-06-28T11:57:40","modified_gmt":"2017-06-28T16:57:40","slug":"propone-socorro-quintana-una-ley-de-planeacion-con-perspectiva-de-genero","status":"publish","type":"post","link":"https:\/\/radiowebmx.com\/nota\/propone-socorro-quintana-una-ley-de-planeacion-con-perspectiva-de-genero\/","title":{"rendered":"Propone Socorro Quintana una Ley de Planeaci\u00f3n con perspectiva de g\u00e9nero"},"content":{"rendered":"<p>Iniciativa por la que se propone la adici\u00f3n de los art\u00edculos 3 BIS y 5 BIS a la Ley de Planeaci\u00f3n del Estado de Michoac\u00e1n<\/p>\n<p>Morelia; Michoac\u00e1n, 27 de junio de 2017.- A fin de garantizar los derechos de la mujer y generar las condiciones para su desarrollo, la diputado Socorro de la Luz Quintana propone que en la Ley de Planeaci\u00f3n del Estado de Michoac\u00e1n, se incluya la implementaci\u00f3n de programas institucionales que empoderen a las mujeres.<\/p>\n<p> <a href=\"https:\/\/radiowebmx.com\/nota\/wp-content\/uploads\/2017\/06\/COM-883.jpg\"><img loading=\"lazy\" decoding=\"async\" src=\"https:\/\/radiowebmx.com\/nota\/wp-content\/uploads\/2017\/06\/COM-883-595x660.jpg\" alt=\"\" width=\"595\" height=\"660\" class=\"alignnone size-medium wp-image-38822\" srcset=\"https:\/\/radiowebmx.com\/nota\/wp-content\/uploads\/2017\/06\/COM-883-595x660.jpg 595w, https:\/\/radiowebmx.com\/nota\/wp-content\/uploads\/2017\/06\/COM-883.jpg 709w\" sizes=\"auto, (max-width: 595px) 100vw, 595px\" \/><\/a><br \/>\nA trav\u00e9s de una iniciativa que presenta en la sesi\u00f3n de este mi\u00e9rcoles, la legisladora presidente de la Comisi\u00f3n de Equidad de G\u00e9nero del Congreso local, destac\u00f3 que un aspecto fundamental para el impulso del desarrollo humano y la consolidaci\u00f3n de un Estado incluyente y democr\u00e1tico, obliga al Estado a crear y promover las condiciones e instituciones \u00f3ptimas para su ejercicio real y efectivo que garantice el bien com\u00fan.<\/p>\n<p>De esa manera, acentu\u00f3 que es urgente y necesaria la implementaci\u00f3n de programas institucionales que ayuden a empoderar realmente a la mujer y que,  m\u00e1s all\u00e1 de atender las consecuencias de la violencia y feminicidios, existan pol\u00edticas p\u00fablicas transversales y con perspectiva de g\u00e9nero en materia de salud, educaci\u00f3n, desarrollo econ\u00f3mico y empoderamiento de las mujeres michoacanas como medidas preventivas de la violencia contra las mujeres al generar mejores condiciones para su desarrollo.<\/p>\n<p>Para ello, destac\u00f3 Socorro de la Luz Quintana, que es menester el establecer un anexo con cantidades propuestas por el ejecutivo del Estado \u201cya que nos sirve como eje rector para visualizar el n\u00famero de apoyos aproximados para ejercer con etiqueta femenina e incrementar los n\u00fameros de avances en becas, micro-negocios, apoyos en cuidados preventivos para la salud, as\u00ed como ciencia y tecnolog\u00eda, entre otros\u201d, resalt\u00f3.<\/p>\n<p>En la actualidad, se\u00f1al\u00f3, la Auditoria Superior de Michoac\u00e1n (ASM), no cuenta con datos duros de beneficiarias en cada uno de los renglones anteriores, por lo cual nos lleva a deducir que no se tiene cuidado de que dicho presupuesto sea aplicado con etiquetas para el g\u00e9nero femenino. <\/p>\n<p>Por tal motivo es que se propone la adici\u00f3n de los art\u00edculos 3 BIS y 5 BIS a la Ley de Planeaci\u00f3n de Michoac\u00e1n de Ocampo, en la que se incluyen la igualdad, perspectiva, la no discriminaci\u00f3n, ejes de transversalidad con perspectiva de g\u00e9nero.<\/p>\n<p>Adem\u00e1s los municipios en la elaboraci\u00f3n del Plan Municipal de Desarrollo, buscar\u00e1n que en materia de la incorporaci\u00f3n de la perspectiva de g\u00e9nero se incluya: <\/p>\n<p>I.  Las acciones que promuevan la igualdad entre mujeres y hombres, la erradicaci\u00f3n de la violencia de g\u00e9nero y cualquier forma de discriminaci\u00f3n de las mujeres. <\/p>\n<p>II.- Transversalizar la perspectiva de g\u00e9nero en todo el plan municipal de desarrollo<\/p>\n","protected":false},"excerpt":{"rendered":"<p>Iniciativa por la que se propone la adici\u00f3n de los art\u00edculos 3 BIS y 5 BIS a la Ley de Planeaci\u00f3n del Estado de Michoac\u00e1n Morelia; Michoac\u00e1n, 27 de junio de 2017.- A fin de garantizar los derechos de la mujer y generar las condiciones para su desarrollo, la diputado Socorro de la Luz Quintana [&hellip;]<\/p>\n","protected":false},"author":2,"featured_media":38822,"comment_status":"closed","ping_status":"closed","sticky":false,"template":"","format":"standard","meta":{"footnotes":""},"categories":[6,14,7],"tags":[],"class_list":["post-38821","post","type-post","status-publish","format-standard","has-post-thumbnail","hentry","category-congreso-del-estado","category-destacadas","category-grupo-parlamentario-del-pri"],"_links":{"self":[{"href":"https:\/\/radiowebmx.com\/nota\/wp-json\/wp\/v2\/posts\/38821","targetHints":{"allow":["GET"]}}],"collection":[{"href":"https:\/\/radiowebmx.com\/nota\/wp-json\/wp\/v2\/posts"}],"about":[{"href":"https:\/\/radiowebmx.com\/nota\/wp-json\/wp\/v2\/types\/post"}],"author":[{"embeddable":true,"href":"https:\/\/radiowebmx.com\/nota\/wp-json\/wp\/v2\/users\/2"}],"replies":[{"embeddable":true,"href":"https:\/\/radiowebmx.com\/nota\/wp-json\/wp\/v2\/comments?post=38821"}],"version-history":[{"count":1,"href":"https:\/\/radiowebmx.com\/nota\/wp-json\/wp\/v2\/posts\/38821\/revisions"}],"predecessor-version":[{"id":38823,"href":"https:\/\/radiowebmx.com\/nota\/wp-json\/wp\/v2\/posts\/38821\/revisions\/38823"}],"wp:featuredmedia":[{"embeddable":true,"href":"https:\/\/radiowebmx.com\/nota\/wp-json\/wp\/v2\/media\/38822"}],"wp:attachment":[{"href":"https:\/\/radiowebmx.com\/nota\/wp-json\/wp\/v2\/media?parent=38821"}],"wp:term":[{"taxonomy":"category","embeddable":true,"href":"https:\/\/radiowebmx.com\/nota\/wp-json\/wp\/v2\/categories?post=38821"},{"taxonomy":"post_tag","embeddable":true,"href":"https:\/\/radiowebmx.com\/nota\/wp-json\/wp\/v2\/tags?post=38821"}],"curies":[{"name":"wp","href":"https:\/\/api.w.org\/{rel}","templated":true}]}}