{"id":38806,"date":"2017-06-27T17:09:57","date_gmt":"2017-06-27T22:09:57","guid":{"rendered":"https:\/\/radiowebmx.com\/nota\/?p=38806"},"modified":"2017-06-28T11:16:57","modified_gmt":"2017-06-28T16:16:57","slug":"capacita-semigrante-a-municipios-sobre-el-programa-palomas-mensajeras","status":"publish","type":"post","link":"https:\/\/radiowebmx.com\/nota\/capacita-semigrante-a-municipios-sobre-el-programa-palomas-mensajeras\/","title":{"rendered":"Capacita Semigrante a municipios sobre el programa Palomas Mensajeras"},"content":{"rendered":"<p>Morelia, Michoac\u00e1n, 27 de junio de 2017.- Este martes fue inaugurado el taller de capacitaci\u00f3n a funcionarios municipales sobre los lineamientos del programa humanitario Palomas Mensajeras, mediante el cual el Gobierno del Estado re\u00fane a adultos mayores de 60 a\u00f1os de edad con sus familias radicadas en Estados Unidos.<br \/>\n <a href=\"https:\/\/radiowebmx.com\/nota\/wp-content\/uploads\/2017\/06\/fd24f5c2-e16a-48db-9ea9-e687b312863b.jpg\"><img loading=\"lazy\" decoding=\"async\" src=\"https:\/\/radiowebmx.com\/nota\/wp-content\/uploads\/2017\/06\/fd24f5c2-e16a-48db-9ea9-e687b312863b-595x520.jpg\" alt=\"\" width=\"595\" height=\"520\" class=\"alignnone size-medium wp-image-38807\" srcset=\"https:\/\/radiowebmx.com\/nota\/wp-content\/uploads\/2017\/06\/fd24f5c2-e16a-48db-9ea9-e687b312863b-595x520.jpg 595w, https:\/\/radiowebmx.com\/nota\/wp-content\/uploads\/2017\/06\/fd24f5c2-e16a-48db-9ea9-e687b312863b.jpg 709w\" sizes=\"auto, (max-width: 595px) 100vw, 595px\" \/><\/a><br \/>\nDurante la inauguraci\u00f3n del taller, el titular de la Secretar\u00eda del Migrante (Semigrante), Jos\u00e9 Luis Guti\u00e9rrez, destac\u00f3 que gracias a la visi\u00f3n del Gobernador Silvano Aureoles Conejo y a las alianzas estrat\u00e9gicas con la Embajada de Estados Unidos en M\u00e9xico, adultos mayores originarios de Michoac\u00e1n tienen la oportunidad de viajar a la Uni\u00f3n Americana para visitar a sus descendientes durante tres semanas y as\u00ed cumplir su sue\u00f1o de vida de reencontrarse con sus seres queridos.<\/p>\n<p>Detall\u00f3 que este programa dio inicio el 17 de marzo pasado, cuando 33 adultos mayores originarios del municipio de Zinap\u00e9cuaro viajaron a Estados Unidos a reencontrarse con sus familiares.<\/p>\n<p>Hasta la fecha, resalt\u00f3, ocho ayuntamientos se han sumado con \u00e9xito a este programa, y la meta es beneficiar a adultos mayores de los 113 municipios.<\/p>\n","protected":false},"excerpt":{"rendered":"<p>Morelia, Michoac\u00e1n, 27 de junio de 2017.- Este martes fue inaugurado el taller de capacitaci\u00f3n a funcionarios municipales sobre los lineamientos del programa humanitario Palomas Mensajeras, mediante el cual el Gobierno del Estado re\u00fane a adultos mayores de 60 a\u00f1os de edad con sus familias radicadas en Estados Unidos. Durante la inauguraci\u00f3n del taller, el [&hellip;]<\/p>\n","protected":false},"author":2,"featured_media":38807,"comment_status":"closed","ping_status":"closed","sticky":false,"template":"","format":"standard","meta":{"footnotes":""},"categories":[14,3,60],"tags":[],"class_list":["post-38806","post","type-post","status-publish","format-standard","has-post-thumbnail","hentry","category-destacadas","category-gobierno-del-estado-de-michoacan","category-michoacan"],"_links":{"self":[{"href":"https:\/\/radiowebmx.com\/nota\/wp-json\/wp\/v2\/posts\/38806","targetHints":{"allow":["GET"]}}],"collection":[{"href":"https:\/\/radiowebmx.com\/nota\/wp-json\/wp\/v2\/posts"}],"about":[{"href":"https:\/\/radiowebmx.com\/nota\/wp-json\/wp\/v2\/types\/post"}],"author":[{"embeddable":true,"href":"https:\/\/radiowebmx.com\/nota\/wp-json\/wp\/v2\/users\/2"}],"replies":[{"embeddable":true,"href":"https:\/\/radiowebmx.com\/nota\/wp-json\/wp\/v2\/comments?post=38806"}],"version-history":[{"count":1,"href":"https:\/\/radiowebmx.com\/nota\/wp-json\/wp\/v2\/posts\/38806\/revisions"}],"predecessor-version":[{"id":38808,"href":"https:\/\/radiowebmx.com\/nota\/wp-json\/wp\/v2\/posts\/38806\/revisions\/38808"}],"wp:featuredmedia":[{"embeddable":true,"href":"https:\/\/radiowebmx.com\/nota\/wp-json\/wp\/v2\/media\/38807"}],"wp:attachment":[{"href":"https:\/\/radiowebmx.com\/nota\/wp-json\/wp\/v2\/media?parent=38806"}],"wp:term":[{"taxonomy":"category","embeddable":true,"href":"https:\/\/radiowebmx.com\/nota\/wp-json\/wp\/v2\/categories?post=38806"},{"taxonomy":"post_tag","embeddable":true,"href":"https:\/\/radiowebmx.com\/nota\/wp-json\/wp\/v2\/tags?post=38806"}],"curies":[{"name":"wp","href":"https:\/\/api.w.org\/{rel}","templated":true}]}}