{"id":38797,"date":"2017-06-28T10:32:58","date_gmt":"2017-06-28T15:32:58","guid":{"rendered":"https:\/\/radiowebmx.com\/nota\/?p=38797"},"modified":"2017-06-28T11:02:30","modified_gmt":"2017-06-28T16:02:30","slug":"morelianos-disfrutan-beneficios-de-obras-de-peatonalizacion-en-el-centro-historico","status":"publish","type":"post","link":"https:\/\/radiowebmx.com\/nota\/morelianos-disfrutan-beneficios-de-obras-de-peatonalizacion-en-el-centro-historico\/","title":{"rendered":"Morelianos disfrutan beneficios de obras de peatonalizaci\u00f3n en el Centro Hist\u00f3rico"},"content":{"rendered":"<p>Diariamente miles de personas usan el mobiliario y caminan por las calles peatonalizadas.<\/p>\n<p>El Secretario de Desarrollo Metropolitano e Infraestructura, inform\u00f3 que de manera global la obra registra un avance de 74 por ciento.<\/p>\n<p>\u201dEn breve los morelianos contaremos con un Centro de primer nivel\u201d, afirm\u00f3.<\/p>\n<p><a href=\"https:\/\/radiowebmx.com\/nota\/wp-content\/uploads\/2017\/06\/a2c9ce40-bd12-4a4e-9dad-38308d730381.jpeg\"><img loading=\"lazy\" decoding=\"async\" src=\"https:\/\/radiowebmx.com\/nota\/wp-content\/uploads\/2017\/06\/a2c9ce40-bd12-4a4e-9dad-38308d730381-595x498.jpeg\" alt=\"\" width=\"595\" height=\"498\" class=\"alignnone size-medium wp-image-38798\" srcset=\"https:\/\/radiowebmx.com\/nota\/wp-content\/uploads\/2017\/06\/a2c9ce40-bd12-4a4e-9dad-38308d730381-595x498.jpeg 595w, https:\/\/radiowebmx.com\/nota\/wp-content\/uploads\/2017\/06\/a2c9ce40-bd12-4a4e-9dad-38308d730381.jpeg 709w\" sizes=\"auto, (max-width: 595px) 100vw, 595px\" \/><\/a>orelianos y visitantes comienzan a disfrutar de los beneficios de la Peatonalizaci\u00f3n del Centro Hist\u00f3rico de la ciudad, proyecto que adem\u00e1s de fomentar la cohesi\u00f3n social, permitir\u00e1 reactivar el turismo y la econom\u00eda en el Primer Cuadro del municipio, indic\u00f3 el Secretario de Desarrollo Metropolitano e Infraestructura, Juan Fernando Sosa Tapia.<\/p>\n<p>\u201cTodav\u00eda no est\u00e1 concluida esta obra emblem\u00e1tica para la ciudad y vemos que las primeras calles intervenidas, que casi est\u00e1n terminadas y ya cuentan con mobiliario urbano, con una importante afluencia de peatones, lo que permite vislumbrar el giro que se est\u00e1 dando a favor de la movilidad peatonal en esta zona\u201d, resalt\u00f3.<\/p>\n<p>En este contexto, el encargado de la ejecuci\u00f3n y supervisi\u00f3n de obra p\u00fablica en la capital del estado, se dijo confiado que una vez que los trabajos en las 7 vialidades que conforman la primera etapa de la Peatonalizaci\u00f3n, \u201cel Coraz\u00f3n de Morelia tendr\u00e1 otra cara, donde transe\u00fantes, personas con discapacidad, adultos mayores y usuarios de los medios alternativos de transporte predominar\u00e1n en el espacio p\u00fablico por encima de los veh\u00edculos\u201d.<\/p>\n<p>Sosa Tapia, se\u00f1al\u00f3 que para el Presidente Municipal, Alfonso Mart\u00ednez Alc\u00e1zar, resulta prioritario democratizar las vialidades de la capital michoacana, de ah\u00ed que existe una pol\u00edtica integral en este sentido, la cual se consagra con el primer circuito peatonal del Centro Hist\u00f3rico.<\/p>\n<p>\u201cEn breve los morelianos contaremos con un centro de primer nivel, acorde a las estrategias de movilidad urbana internacional y que sobre todo permitir\u00e1 reactivar la zona norponiente del primer cuadro de la ciudad, que estaba deprimida y hab\u00eda espacios inutilizados\u201d, agreg\u00f3.<\/p>\n<p>El funcionario municipal inform\u00f3 que hasta el momento, el avance de las calles es el siguiente: Benito Ju\u00e1rez, 95 por ciento; Ignacio Zaragoza, 98 por ciento; Miguel Bernal, 100 por ciento; Eduardo Ru\u00edz, 20 por ciento; en tanto ya iniciaron los trabajos en Santiago Tapia y Valent\u00edn G\u00f3mez Far\u00edas. Asimismo, detall\u00f3 que en la calle Antonio Alzate, el progreso es del 98 por ciento.<\/p>\n<p>Con estas acciones, finaliz\u00f3, el Gobierno Municipal, refrenda su compromiso fortaleciendo la movilidad urbana equilibrada en esta zona, abonando adem\u00e1s a la conservaci\u00f3n y protecci\u00f3n de los monumentos emblem\u00e1ticos.<\/p>\n","protected":false},"excerpt":{"rendered":"<p>Diariamente miles de personas usan el mobiliario y caminan por las calles peatonalizadas. El Secretario de Desarrollo Metropolitano e Infraestructura, inform\u00f3 que de manera global la obra registra un avance de 74 por ciento. \u201dEn breve los morelianos contaremos con un Centro de primer nivel\u201d, afirm\u00f3. orelianos y visitantes comienzan a disfrutar de los beneficios [&hellip;]<\/p>\n","protected":false},"author":2,"featured_media":38798,"comment_status":"closed","ping_status":"closed","sticky":false,"template":"","format":"standard","meta":{"footnotes":""},"categories":[14,60,9],"tags":[],"class_list":["post-38797","post","type-post","status-publish","format-standard","has-post-thumbnail","hentry","category-destacadas","category-michoacan","category-morelia"],"_links":{"self":[{"href":"https:\/\/radiowebmx.com\/nota\/wp-json\/wp\/v2\/posts\/38797","targetHints":{"allow":["GET"]}}],"collection":[{"href":"https:\/\/radiowebmx.com\/nota\/wp-json\/wp\/v2\/posts"}],"about":[{"href":"https:\/\/radiowebmx.com\/nota\/wp-json\/wp\/v2\/types\/post"}],"author":[{"embeddable":true,"href":"https:\/\/radiowebmx.com\/nota\/wp-json\/wp\/v2\/users\/2"}],"replies":[{"embeddable":true,"href":"https:\/\/radiowebmx.com\/nota\/wp-json\/wp\/v2\/comments?post=38797"}],"version-history":[{"count":1,"href":"https:\/\/radiowebmx.com\/nota\/wp-json\/wp\/v2\/posts\/38797\/revisions"}],"predecessor-version":[{"id":38799,"href":"https:\/\/radiowebmx.com\/nota\/wp-json\/wp\/v2\/posts\/38797\/revisions\/38799"}],"wp:featuredmedia":[{"embeddable":true,"href":"https:\/\/radiowebmx.com\/nota\/wp-json\/wp\/v2\/media\/38798"}],"wp:attachment":[{"href":"https:\/\/radiowebmx.com\/nota\/wp-json\/wp\/v2\/media?parent=38797"}],"wp:term":[{"taxonomy":"category","embeddable":true,"href":"https:\/\/radiowebmx.com\/nota\/wp-json\/wp\/v2\/categories?post=38797"},{"taxonomy":"post_tag","embeddable":true,"href":"https:\/\/radiowebmx.com\/nota\/wp-json\/wp\/v2\/tags?post=38797"}],"curies":[{"name":"wp","href":"https:\/\/api.w.org\/{rel}","templated":true}]}}