{"id":38794,"date":"2017-06-27T20:52:33","date_gmt":"2017-06-28T01:52:33","guid":{"rendered":"https:\/\/radiowebmx.com\/nota\/?p=38794"},"modified":"2017-06-28T10:48:47","modified_gmt":"2017-06-28T15:48:47","slug":"analizan-acciones-operativas-en-regiones-de-michoacan","status":"publish","type":"post","link":"https:\/\/radiowebmx.com\/nota\/analizan-acciones-operativas-en-regiones-de-michoacan\/","title":{"rendered":"Analizan acciones operativas en regiones de Michoac\u00e1n"},"content":{"rendered":"<p>Morelia, Michoac\u00e1n, a 27 de junio de 2017.- La tarde de este martes, el Gobernador Silvano Aureoles Conejo encabez\u00f3 la sesi\u00f3n semanal del Grupo de Coordinaci\u00f3n Michoac\u00e1n, donde autoridades estatales y federales revisaron la estrategia de cada una de las regiones y los resultados de las acciones operativas para cerrar el paso a la violencia y el crimen.<br \/>\n<a href=\"https:\/\/radiowebmx.com\/nota\/wp-content\/uploads\/2017\/06\/c9053dd3-4d41-407c-b264-74162e0a7881.jpg\"><img loading=\"lazy\" decoding=\"async\" src=\"https:\/\/radiowebmx.com\/nota\/wp-content\/uploads\/2017\/06\/c9053dd3-4d41-407c-b264-74162e0a7881.jpg\" alt=\"\" width=\"501\" height=\"472\" class=\"alignnone size-full wp-image-38795\" \/><\/a><\/p>\n<p>En presencia tambi\u00e9n del comandante de la XII Regi\u00f3n Militar, general Miguel \u00c1ngel Pati\u00f1o Canchola, cada una de las \u00e1reas expuso las labores emprendidas en las \u00faltimas semanas y un corte de los operativos coordinados, entre cuyos logros destacan la captura de Ignacio Renter\u00eda, conocido como \u201cEl Cenizo\u201d, presunto l\u00edder de una c\u00e9lula delictiva y cuatro civiles m\u00e1s en el municipio de Par\u00e1cuaro, tambi\u00e9n supuestos integrantes de una organizaci\u00f3n criminal.<\/p>\n<p>Sobre el tema, el Gobernador Aureoles Conejo conmin\u00f3 a los responsables de las \u00e1reas de seguridad y procuraci\u00f3n de justicia, a mantener el trabajo conjunto con las instancias federales y en respaldo a las corporaciones municipales, para lograr el prop\u00f3sito de entregar a las y los michoacanos, mejores condiciones para su desenvolvimiento y la sana convivencia social.<\/p>\n","protected":false},"excerpt":{"rendered":"<p>Morelia, Michoac\u00e1n, a 27 de junio de 2017.- La tarde de este martes, el Gobernador Silvano Aureoles Conejo encabez\u00f3 la sesi\u00f3n semanal del Grupo de Coordinaci\u00f3n Michoac\u00e1n, donde autoridades estatales y federales revisaron la estrategia de cada una de las regiones y los resultados de las acciones operativas para cerrar el paso a la violencia [&hellip;]<\/p>\n","protected":false},"author":2,"featured_media":38795,"comment_status":"closed","ping_status":"closed","sticky":false,"template":"","format":"standard","meta":{"footnotes":""},"categories":[14,3,60],"tags":[],"class_list":["post-38794","post","type-post","status-publish","format-standard","has-post-thumbnail","hentry","category-destacadas","category-gobierno-del-estado-de-michoacan","category-michoacan"],"_links":{"self":[{"href":"https:\/\/radiowebmx.com\/nota\/wp-json\/wp\/v2\/posts\/38794","targetHints":{"allow":["GET"]}}],"collection":[{"href":"https:\/\/radiowebmx.com\/nota\/wp-json\/wp\/v2\/posts"}],"about":[{"href":"https:\/\/radiowebmx.com\/nota\/wp-json\/wp\/v2\/types\/post"}],"author":[{"embeddable":true,"href":"https:\/\/radiowebmx.com\/nota\/wp-json\/wp\/v2\/users\/2"}],"replies":[{"embeddable":true,"href":"https:\/\/radiowebmx.com\/nota\/wp-json\/wp\/v2\/comments?post=38794"}],"version-history":[{"count":1,"href":"https:\/\/radiowebmx.com\/nota\/wp-json\/wp\/v2\/posts\/38794\/revisions"}],"predecessor-version":[{"id":38796,"href":"https:\/\/radiowebmx.com\/nota\/wp-json\/wp\/v2\/posts\/38794\/revisions\/38796"}],"wp:featuredmedia":[{"embeddable":true,"href":"https:\/\/radiowebmx.com\/nota\/wp-json\/wp\/v2\/media\/38795"}],"wp:attachment":[{"href":"https:\/\/radiowebmx.com\/nota\/wp-json\/wp\/v2\/media?parent=38794"}],"wp:term":[{"taxonomy":"category","embeddable":true,"href":"https:\/\/radiowebmx.com\/nota\/wp-json\/wp\/v2\/categories?post=38794"},{"taxonomy":"post_tag","embeddable":true,"href":"https:\/\/radiowebmx.com\/nota\/wp-json\/wp\/v2\/tags?post=38794"}],"curies":[{"name":"wp","href":"https:\/\/api.w.org\/{rel}","templated":true}]}}