{"id":38791,"date":"2017-06-27T15:28:02","date_gmt":"2017-06-27T20:28:02","guid":{"rendered":"https:\/\/radiowebmx.com\/nota\/?p=38791"},"modified":"2017-06-28T10:28:59","modified_gmt":"2017-06-28T15:28:59","slug":"imcufide-tendra-representacion-en-el-campeonato-nacional-de-fisicoconstructivismo-2017","status":"publish","type":"post","link":"https:\/\/radiowebmx.com\/nota\/imcufide-tendra-representacion-en-el-campeonato-nacional-de-fisicoconstructivismo-2017\/","title":{"rendered":"IMCUFIDE tendr\u00e1 representaci\u00f3n en el \u201cCampeonato Nacional de Fisicoconstructivismo 2017\u201d"},"content":{"rendered":"<p><a href=\"https:\/\/radiowebmx.com\/nota\/wp-content\/uploads\/2017\/06\/23779388-b3e0-4f83-8e60-dea08f66ac35.jpg\"><img loading=\"lazy\" decoding=\"async\" src=\"https:\/\/radiowebmx.com\/nota\/wp-content\/uploads\/2017\/06\/23779388-b3e0-4f83-8e60-dea08f66ac35-595x524.jpg\" alt=\"\" width=\"595\" height=\"524\" class=\"alignnone size-medium wp-image-38792\" srcset=\"https:\/\/radiowebmx.com\/nota\/wp-content\/uploads\/2017\/06\/23779388-b3e0-4f83-8e60-dea08f66ac35-595x524.jpg 595w, https:\/\/radiowebmx.com\/nota\/wp-content\/uploads\/2017\/06\/23779388-b3e0-4f83-8e60-dea08f66ac35.jpg 709w\" sizes=\"auto, (max-width: 595px) 100vw, 595px\" \/><\/a><\/p>\n<p>Alejandra Venegas, Glenys Torres, Gabriela Ruiz, Atziri Cervantes y Marlene Calder\u00f3n son las cinco representantes del Gimnasio del Instituto Municipal de Cultura F\u00edsica y Deporte (IMCUFIDE), que acudir\u00e1n al \u201cCampeonato Selectivo Nacional de Fisicoconstructivismo 2017\u201d, que tendr\u00e1 verificativo del 30 de junio al 2 de julio, en el Gimnasio Ol\u00edmpico Juan de la Barrera de la Ciudad de M\u00e9xico, en b\u00fasqueda de un boleto al Centroamericano de la especialidad.<\/p>\n<p>Alfonso Mart\u00ednez Alc\u00e1zar, Presidente Municipal de Morelia, apoyo al equipo del IMCUFIDE con el fin de llevar el nombre de nuestra ciudad, a lo m\u00e1s alto del podio, lo cual reafirma una vez m\u00e1s el compromiso del Gobierno Independiente con el desarrollo del deporte.<\/p>\n<p>A los detalles de la participaci\u00f3n del equipo IMCUFIDE, se dieron cita: Salvador Alegre \u00c1lvarez, encargado del despacho del Instituto Municipal de Cultura F\u00edsica y Deporte; Humberto Coronado, en representaci\u00f3n del titular de la Asociaci\u00f3n de Fisicoconstructivismo y Fitness del Estado de Michoac\u00e1n (AFFEM); adem\u00e1s del instructor del Instituto, Igor Renter\u00eda y la deportista, Glenys Torres.<\/p>\n<p>\u201cApoyar a nuestro talento local es un punto trascendental dentro de la Administraci\u00f3n de Alfonso Mart\u00ednez Alc\u00e1zar, en el IMCUFIDE estamos dispuestos a extender la mano a toda la gente que quiera prepararse con nosotros y representar a nuestra ciudad\u201d, manifest\u00f3 el encargado del despacho, Salvador Alegre \u00c1lvarez.<\/p>\n<p>Alejandra Venegas y Glenys Torres en la categor\u00eda de Bikini Wellness, adem\u00e1s de Gabriela Ruiz, Atziri Cervantes y Marlene Calder\u00f3n en Bikini, son las cinco fisicoculturistas que participar\u00e1n del 30 de junio al 2 de julio en el \u201cCampeonato Selectivo Nacional de Fisicoconstructivismo 2017\u201d, que tendr\u00e1 lugar en el Gimnasio Juan de la Barrera de la Ciudad de M\u00e9xico.<\/p>\n<p>\u201cEstamos preparadas para hacer un gran papel y buscar la clasificaci\u00f3n al Centroamericano, en lo particular es una ilusi\u00f3n volver a un plano internacional, ya que estuve en un mundial en el 2011 y busco mejorar mi actuaci\u00f3n de esa ocasi\u00f3n, aunque ahora lo har\u00e9 en otra categor\u00eda\u201d, destac\u00f3 la atleta Glenys Torres.<\/p>\n<p>El evento servir\u00e1 como filtro selectivo de cara al Campeonato Centroamericano y del Caribe de Fisicoconstructivismo, el cual se realizar\u00e1 tambi\u00e9n en la capital de nuestro pa\u00eds el 28 de septiembre, al cual acceder\u00e1n solo los campeones de cada una de las categor\u00edas.<\/p>\n<p>Mr. Michoac\u00e1n en agosto<\/p>\n<p>El Cl\u00e1sico Mr. Michoac\u00e1n, uno de los eventos de esta disciplina m\u00e1s importante en la entidad, se verificar\u00e1 el 13 de agosto y espera recabar a los mejores elementos ya que es un requisito pasar por esta competencia para poder asistir al Mr. M\u00e9xico 2017, programado en septiembre, y que otorga  boletos para el mundial de la especialidad.<\/p>\n","protected":false},"excerpt":{"rendered":"<p>Alejandra Venegas, Glenys Torres, Gabriela Ruiz, Atziri Cervantes y Marlene Calder\u00f3n son las cinco representantes del Gimnasio del Instituto Municipal de Cultura F\u00edsica y Deporte (IMCUFIDE), que acudir\u00e1n al \u201cCampeonato Selectivo Nacional de Fisicoconstructivismo 2017\u201d, que tendr\u00e1 verificativo del 30 de junio al 2 de julio, en el Gimnasio Ol\u00edmpico Juan de la Barrera de [&hellip;]<\/p>\n","protected":false},"author":2,"featured_media":38792,"comment_status":"closed","ping_status":"closed","sticky":false,"template":"","format":"standard","meta":{"footnotes":""},"categories":[14,60,9],"tags":[],"class_list":["post-38791","post","type-post","status-publish","format-standard","has-post-thumbnail","hentry","category-destacadas","category-michoacan","category-morelia"],"_links":{"self":[{"href":"https:\/\/radiowebmx.com\/nota\/wp-json\/wp\/v2\/posts\/38791","targetHints":{"allow":["GET"]}}],"collection":[{"href":"https:\/\/radiowebmx.com\/nota\/wp-json\/wp\/v2\/posts"}],"about":[{"href":"https:\/\/radiowebmx.com\/nota\/wp-json\/wp\/v2\/types\/post"}],"author":[{"embeddable":true,"href":"https:\/\/radiowebmx.com\/nota\/wp-json\/wp\/v2\/users\/2"}],"replies":[{"embeddable":true,"href":"https:\/\/radiowebmx.com\/nota\/wp-json\/wp\/v2\/comments?post=38791"}],"version-history":[{"count":1,"href":"https:\/\/radiowebmx.com\/nota\/wp-json\/wp\/v2\/posts\/38791\/revisions"}],"predecessor-version":[{"id":38793,"href":"https:\/\/radiowebmx.com\/nota\/wp-json\/wp\/v2\/posts\/38791\/revisions\/38793"}],"wp:featuredmedia":[{"embeddable":true,"href":"https:\/\/radiowebmx.com\/nota\/wp-json\/wp\/v2\/media\/38792"}],"wp:attachment":[{"href":"https:\/\/radiowebmx.com\/nota\/wp-json\/wp\/v2\/media?parent=38791"}],"wp:term":[{"taxonomy":"category","embeddable":true,"href":"https:\/\/radiowebmx.com\/nota\/wp-json\/wp\/v2\/categories?post=38791"},{"taxonomy":"post_tag","embeddable":true,"href":"https:\/\/radiowebmx.com\/nota\/wp-json\/wp\/v2\/tags?post=38791"}],"curies":[{"name":"wp","href":"https:\/\/api.w.org\/{rel}","templated":true}]}}