{"id":38788,"date":"2017-06-28T10:26:32","date_gmt":"2017-06-28T15:26:32","guid":{"rendered":"https:\/\/radiowebmx.com\/nota\/?p=38788"},"modified":"2017-06-28T10:26:32","modified_gmt":"2017-06-28T15:26:32","slug":"invitan-a-la-feria-nacional-del-cobre-martillado-de-santa-clara-del-cobre","status":"publish","type":"post","link":"https:\/\/radiowebmx.com\/nota\/invitan-a-la-feria-nacional-del-cobre-martillado-de-santa-clara-del-cobre\/","title":{"rendered":"Invitan a la Feria Nacional del Cobre Martillado de Santa Clara del Cobre"},"content":{"rendered":"<p>Se llevar\u00e1 a cabo del 17 al 20 de julio; IAM, Fonart y el Ayuntamiento de Salvador Escalante otorgar\u00e1n una bolsa de 400 mil pesos en premios. <\/p>\n<p>Se estima una afluencia de m\u00e1s de 264 mil turistas y visitantes, que dejar\u00edan una derrama econ\u00f3mica de 1.9 mdp.<\/p>\n<p>Santa Clara del Cobre, mpio. de Salvador Escalante, Michoac\u00e1n, a 27 de junio de 2017.- El Instituto del Artesano Michoacano (IAM), en coordinaci\u00f3n con el Ayuntamiento de este municipio y el Fondo Nacional para el Fomento de las Artesan\u00edas (Fonart), convocan a las y los artesanos de todo el pa\u00eds a participar en el LXXII Concurso Nacional del Cobre Martillado.<br \/>\n<a href=\"https:\/\/radiowebmx.com\/nota\/wp-content\/uploads\/2017\/06\/efa72e0d-65d6-408a-8b33-b6d8811cb5e6.jpg\"><img loading=\"lazy\" decoding=\"async\" src=\"https:\/\/radiowebmx.com\/nota\/wp-content\/uploads\/2017\/06\/efa72e0d-65d6-408a-8b33-b6d8811cb5e6-595x492.jpg\" alt=\"\" width=\"595\" height=\"492\" class=\"alignnone size-medium wp-image-38789\" srcset=\"https:\/\/radiowebmx.com\/nota\/wp-content\/uploads\/2017\/06\/efa72e0d-65d6-408a-8b33-b6d8811cb5e6-595x492.jpg 595w, https:\/\/radiowebmx.com\/nota\/wp-content\/uploads\/2017\/06\/efa72e0d-65d6-408a-8b33-b6d8811cb5e6.jpg 709w\" sizes=\"auto, (max-width: 595px) 100vw, 595px\" \/><\/a><\/p>\n<p>El director general del IAM, Claudio M\u00e9ndez Fern\u00e1ndez, detall\u00f3 que el concurso se llevar\u00e1 a cabo del 17 al 20 de julio en el Museo del Cobre de esta localidad, donde cada artesano podr\u00e1 participar con un m\u00e1ximo de tres piezas, cada una en una rama diferente y en una sola categor\u00eda, que son: jarras, floreros, centros, ollas de aro, fruteros, platos, platones, cazos, charolas, joyer\u00eda, cobre con esmalte, miniaturas, candeleros, candelabros y candiles, y varios.<\/p>\n<p>Destac\u00f3 que la bolsa en premios ser\u00e1 de 400 mil pesos repartidos en 79 premios, la cual ser\u00e1 otorgada por el IAM, el Fonart y el Ayuntamiento de Salvador Escalante, que adem\u00e1s entregar\u00e1n tres galardones (nacional, estatal y Santa Clara) para las mejores piezas del concurso.<\/p>\n<p>Asimismo, se\u00f1al\u00f3 que la exposici\u00f3n y venta de las piezas ser\u00e1 del 22 de julio -d\u00eda que ser\u00e1 inaugurada la Feria del Cobre- y hasta el 15 de agosto, en el Museo del Cobre.<\/p>\n<p>Por su parte, el alcalde de Salvador Escalante, Jos\u00e9 Jes\u00fas Lucas \u00c1ngel, mencion\u00f3 que el 30 por ciento de la poblaci\u00f3n de Santa Clara del Cobre se dedica a la elaboraci\u00f3n de artesan\u00eda en esta rama, y que se estima que cada a\u00f1o 100 toneladas de cobre reciclado son utilizadas para la manufactura de las artesan\u00edas.<\/p>\n<p>Resalt\u00f3 que para la 52 edici\u00f3n de esta feria se prev\u00e9 una afluencia de m\u00e1s de 264 mil turistas y visitantes, que dejar\u00edan una derrama econ\u00f3mica de 1 mill\u00f3n 900 mil pesos.<\/p>\n<p>De su lado, el subsecretario de Promoci\u00f3n Tur\u00edstica de la Secretar\u00eda de Turismo estatal, Luis Nah\u00fan Pedraza Arriaga, mencion\u00f3 que entre las actividades de la LII Feria Nacional del Cobre destacan el desfile, una cabalgata, la presentaci\u00f3n de la cantante Roc\u00edo Vega, un espect\u00e1culo piro-musical, adem\u00e1s de eventos deportivos de talla nacional, un corredor gastron\u00f3mico con platillos t\u00edpicos de la regi\u00f3n.<\/p>\n","protected":false},"excerpt":{"rendered":"<p>Se llevar\u00e1 a cabo del 17 al 20 de julio; IAM, Fonart y el Ayuntamiento de Salvador Escalante otorgar\u00e1n una bolsa de 400 mil pesos en premios. Se estima una afluencia de m\u00e1s de 264 mil turistas y visitantes, que dejar\u00edan una derrama econ\u00f3mica de 1.9 mdp. Santa Clara del Cobre, mpio. de Salvador Escalante, [&hellip;]<\/p>\n","protected":false},"author":2,"featured_media":38789,"comment_status":"closed","ping_status":"closed","sticky":false,"template":"","format":"standard","meta":{"footnotes":""},"categories":[14,3,60],"tags":[],"class_list":["post-38788","post","type-post","status-publish","format-standard","has-post-thumbnail","hentry","category-destacadas","category-gobierno-del-estado-de-michoacan","category-michoacan"],"_links":{"self":[{"href":"https:\/\/radiowebmx.com\/nota\/wp-json\/wp\/v2\/posts\/38788","targetHints":{"allow":["GET"]}}],"collection":[{"href":"https:\/\/radiowebmx.com\/nota\/wp-json\/wp\/v2\/posts"}],"about":[{"href":"https:\/\/radiowebmx.com\/nota\/wp-json\/wp\/v2\/types\/post"}],"author":[{"embeddable":true,"href":"https:\/\/radiowebmx.com\/nota\/wp-json\/wp\/v2\/users\/2"}],"replies":[{"embeddable":true,"href":"https:\/\/radiowebmx.com\/nota\/wp-json\/wp\/v2\/comments?post=38788"}],"version-history":[{"count":1,"href":"https:\/\/radiowebmx.com\/nota\/wp-json\/wp\/v2\/posts\/38788\/revisions"}],"predecessor-version":[{"id":38790,"href":"https:\/\/radiowebmx.com\/nota\/wp-json\/wp\/v2\/posts\/38788\/revisions\/38790"}],"wp:featuredmedia":[{"embeddable":true,"href":"https:\/\/radiowebmx.com\/nota\/wp-json\/wp\/v2\/media\/38789"}],"wp:attachment":[{"href":"https:\/\/radiowebmx.com\/nota\/wp-json\/wp\/v2\/media?parent=38788"}],"wp:term":[{"taxonomy":"category","embeddable":true,"href":"https:\/\/radiowebmx.com\/nota\/wp-json\/wp\/v2\/categories?post=38788"},{"taxonomy":"post_tag","embeddable":true,"href":"https:\/\/radiowebmx.com\/nota\/wp-json\/wp\/v2\/tags?post=38788"}],"curies":[{"name":"wp","href":"https:\/\/api.w.org\/{rel}","templated":true}]}}