{"id":38766,"date":"2017-06-27T13:05:22","date_gmt":"2017-06-27T18:05:22","guid":{"rendered":"https:\/\/radiowebmx.com\/nota\/?p=38766"},"modified":"2017-06-27T14:39:21","modified_gmt":"2017-06-27T19:39:21","slug":"alfonso-martinez-proyecta-y-reconoce-valores-artisticos-de-morelia","status":"publish","type":"post","link":"https:\/\/radiowebmx.com\/nota\/alfonso-martinez-proyecta-y-reconoce-valores-artisticos-de-morelia\/","title":{"rendered":"Alfonso Mart\u00ednez proyecta y reconoce valores art\u00edsticos de Morelia"},"content":{"rendered":"<p>Como parte del objetivo de convertir a Morelia en la Capital Cultural a nivel nacional, adem\u00e1s de reconocer a todas aquellas personalidades que a trav\u00e9s de su obra exponen a nivel mundial la identidad y sensibilidad art\u00edstica moreliana, el Presidente Municipal, Alfonso Mart\u00ednez Alc\u00e1zar inform\u00f3 que este mi\u00e9rcoles el pintor Alfredo Arregu\u00edn, ser\u00e1 condecorado con las Llaves de la Ciudad.<\/p>\n<p>En rueda de prensa y acompa\u00f1ado por el Secretario de Cultura Municipal, Miguel Salm\u00f3n del Real; adem\u00e1s del Secretario del Ayuntamiento, Jes\u00fas Avalos Plata y el homenajeado, Mart\u00ednez Alc\u00e1zar, dijo al pintor nacido en Morelia que en su Administraci\u00f3n resulta preponderante resaltar los valores art\u00edsticos y culturales de los diversos actores en el gremio en nuestra ciudad, raz\u00f3n por la cual esta entrega supone un homenaje a una importante obra pict\u00f3rica reconocida a nivel mundial.<\/p>\n<p>\u201cEste arte es un orgullo para nosotros los morelianos, se ha apreciado en diversos lugares del mundo, as\u00ed que es un honor tener a una persona tan importante en nuestra ciudad, y rescatar la esencia y obra de una persona que se form\u00f3 aqu\u00ed\u201d, dijo, Mart\u00ednez Alc\u00e1zar.<\/p>\n<p>Record\u00f3 que con base a un proyecto medular para consolidar a Morelia como la Capital Cultural de M\u00e9xico, se cre\u00f3 recientemente la primera Secretar\u00eda de Cultura en la ciudad, que permitir\u00e1 reconocer a grandes figuras y erigirlas al nivel que les corresponde.<\/p>\n<p>\u201cHace menos de un a\u00f1o creamos la Secretar\u00eda de Cultural, y estamos trabajando mucho para resaltar todos estos valores art\u00edsticos y culturales y el maestro nos va ayudar mucho con su presencia\u201d, se\u00f1al\u00f3.<\/p>\n<p>El Secretario de Cultura de Morelia, Miguel Salmon del Real, sostuvo que es un honor para el Gobierno Municipal el otorgar las llaves de la ciudad a uno de los m\u00e1s importantes artistas morelianos y destac\u00f3 el trabajo de los Regidores del Honorable Cabildo por estar de acuerdo por unanimidad en homenajear a tan importante figura.<\/p>\n<p>Claramente complacido, el Maestro Alfredo Arregu\u00edn nacido en 1935, habl\u00f3 acerca de sus inicios con los lienzos; sus aventuras art\u00edsticas en el pa\u00eds vecino; sus influencias, que beben m\u00e1s de la historia y el folclor mexicano que de sus colegas, y el momento en que conoci\u00f3 a Alfredo Salce.<\/p>\n<p>Con innumerables obras expuestas en diversos museos a nivel nacional e internacional, entre las que destacan su famoso tr\u00edptico \u201cSue\u00f1o, Eva antes de Ad\u00e1n\u201d, que fue expuesto en el museo nacional de arte en los Estados Unidos y muchas m\u00e1s, el Gobierno Municipal reconocer\u00e1 la importante obra de Arregu\u00edn, este mi\u00e9rcoles en punto de las 16:00 horas con la entrega de las Llaves de la Ciudad.<\/p>\n","protected":false},"excerpt":{"rendered":"<p>Como parte del objetivo de convertir a Morelia en la Capital Cultural a nivel nacional, adem\u00e1s de reconocer a todas aquellas personalidades que a trav\u00e9s de su obra exponen a nivel mundial la identidad y sensibilidad art\u00edstica moreliana, el Presidente Municipal, Alfonso Mart\u00ednez Alc\u00e1zar inform\u00f3 que este mi\u00e9rcoles el pintor Alfredo Arregu\u00edn, ser\u00e1 condecorado con [&hellip;]<\/p>\n","protected":false},"author":2,"featured_media":38767,"comment_status":"closed","ping_status":"closed","sticky":false,"template":"","format":"standard","meta":{"footnotes":""},"categories":[14,60,9],"tags":[],"class_list":["post-38766","post","type-post","status-publish","format-standard","has-post-thumbnail","hentry","category-destacadas","category-michoacan","category-morelia"],"_links":{"self":[{"href":"https:\/\/radiowebmx.com\/nota\/wp-json\/wp\/v2\/posts\/38766","targetHints":{"allow":["GET"]}}],"collection":[{"href":"https:\/\/radiowebmx.com\/nota\/wp-json\/wp\/v2\/posts"}],"about":[{"href":"https:\/\/radiowebmx.com\/nota\/wp-json\/wp\/v2\/types\/post"}],"author":[{"embeddable":true,"href":"https:\/\/radiowebmx.com\/nota\/wp-json\/wp\/v2\/users\/2"}],"replies":[{"embeddable":true,"href":"https:\/\/radiowebmx.com\/nota\/wp-json\/wp\/v2\/comments?post=38766"}],"version-history":[{"count":1,"href":"https:\/\/radiowebmx.com\/nota\/wp-json\/wp\/v2\/posts\/38766\/revisions"}],"predecessor-version":[{"id":38768,"href":"https:\/\/radiowebmx.com\/nota\/wp-json\/wp\/v2\/posts\/38766\/revisions\/38768"}],"wp:featuredmedia":[{"embeddable":true,"href":"https:\/\/radiowebmx.com\/nota\/wp-json\/wp\/v2\/media\/38767"}],"wp:attachment":[{"href":"https:\/\/radiowebmx.com\/nota\/wp-json\/wp\/v2\/media?parent=38766"}],"wp:term":[{"taxonomy":"category","embeddable":true,"href":"https:\/\/radiowebmx.com\/nota\/wp-json\/wp\/v2\/categories?post=38766"},{"taxonomy":"post_tag","embeddable":true,"href":"https:\/\/radiowebmx.com\/nota\/wp-json\/wp\/v2\/tags?post=38766"}],"curies":[{"name":"wp","href":"https:\/\/api.w.org\/{rel}","templated":true}]}}