{"id":38757,"date":"2017-06-26T18:31:33","date_gmt":"2017-06-26T23:31:33","guid":{"rendered":"https:\/\/radiowebmx.com\/nota\/?p=38757"},"modified":"2017-06-27T13:44:01","modified_gmt":"2017-06-27T18:44:01","slug":"clarificar-destino-de-recursos-que-resulten-de-fusion-de-secretarias-pide-mario-armando-mendoza","status":"publish","type":"post","link":"https:\/\/radiowebmx.com\/nota\/clarificar-destino-de-recursos-que-resulten-de-fusion-de-secretarias-pide-mario-armando-mendoza\/","title":{"rendered":"Clarificar destino de recursos que resulten de fusi\u00f3n de Secretarias, pide Mario Armando Mendoza"},"content":{"rendered":"<ul type=\"disc\">\n<li class=\"x_MsoNormal\"><i>El\u00a0diputado tricolor, se\u00f1alo que tras la\u00a0aprobaci\u00f3n\u00a0del dictamen\u00a0para\u00a0reformar la Ley Org\u00e1nica, se establecen\u00a0\u00a0art\u00edculos transitorios\u00a0en donde se aclare a el destino\u00a0de los\u00a0recursos\u00a0y\u00a0\u00a0sean utilizados de manera transparente\u00a0<\/i><\/li>\n<\/ul>\n<p class=\"x_gmail-m7411615258835611794gmail-paragraph\"><b>Morelia; Michoac\u00e1n, 26 de junio de 2017.- \u00a0<\/b>El Gobierno estatal debe clarificar en que ser\u00e1n utilizados\u00a0los recursos que resulten del ahorro y\u00a0la fusi\u00f3n de algunas Secretar\u00edas, propuestas por el Ejecutivo del Estado, y cuya reforma a la Ley Org\u00e1nica fue aprobada en comisiones unidas de Gobernaci\u00f3n,\u00a0Programaci\u00f3n, Presupuesto y Cuenta P\u00fablica, afirm\u00f3 el diputado del PRI y presidente de la Comisi\u00f3n de Gobernaci\u00f3n, Mario Armando Mendoza Guzm\u00e1n.<\/p>\n<p class=\"x_gmail-m7411615258835611794gmail-paragraph\">Precis\u00f3 que\u00a0\u00a0la solicitud de reforma a la Ley Org\u00e1nica de la Administraci\u00f3n P\u00fablica,\u00a0enviada\u00a0desde\u00a0 el Gobierno estatal que encabeza Silvano Aureoles Conejo, mediante la cual se\u00a0prev\u00e9\u00a0 fusionar\u00a0secretar\u00edas,\u00a0fue aprobado\u00a0en comisiones, pero\u00a0aclar\u00f3\u00a0se establecen\u00a0art\u00edculos\u00a0transitorios para garantizar que los recursos resultantes\u00a0del ahorro,\u00a0sean utilizados de manera transparente y se rindan\u00a0cuentas sobre su destino.<\/p>\n<p class=\"x_gmail-m7411615258835611794gmail-paragraph\">El diputado tricolor en reuni\u00f3n de comisiones\u00a0propuso acotar el tiempo para\u00a0\u00a0que el Ejecutivo del Estado\u00a0en un t\u00e9rmino no mayor de 30 d\u00edas\u00a0h\u00e1biles,\u00a0 proponga\u00a0las reformas normativas o administrativas y se se\u00f1ale\u00a0que \u00e1reas que atender\u00e1n\u00a0de manera puntual los asuntos\u00a0\u00a0de ciencia y\u00a0tecnolog\u00eda,\u00a0\u00a0del Plan de Desarrollo Integral del Estado de Michoac\u00e1n; y,\u00a0\u00a0de la pol\u00edtica p\u00fablica de los Pueblos Ind\u00edgenas, y migraci\u00f3n.<\/p>\n<p class=\"x_gmail-m7411615258835611794gmail-paragraph\">Asimismo se establece que\u00a0el\u00a0Ejecutivo del Estado, por conducto de la Secretar\u00eda de\u00a0Gobierno, Secretar\u00eda de Finanzas y Administraci\u00f3n y Secretar\u00eda de Contralor\u00eda, con la\u00a0participaci\u00f3n de las dependencias y entidades de la Administraci\u00f3n P\u00fablica Estatal\u00a0correspondientes,\u00a0 ser\u00e1n responsables directos y deber\u00e1n concluir aquellas\u00a0adecuaciones presupuestarias y traspasos de recursos humanos, materiales y\u00a0financieros, as\u00ed como de activos patrimoniales, en un plazo no mayor de 60 d\u00edas h\u00e1biles\u00a0posteriores a la entrada en vigor del\u00a0Decreto.<\/p>\n<p class=\"x_gmail-m7411615258835611794gmail-paragraph\">El diputado del PRI, Mario Armando Guzm\u00e1n Mendoza\u00a0refiri\u00f3\u00a0que\u00a0el pr\u00f3ximo\u00a0\u00a05 de julio\u00a0vence\u00a0 el termino para llevar a cabo\u00a0las reformas que se\u00a0deber\u00e1n\u00a0efectuar a la Ley Org\u00e1nica de la Administraci\u00f3n P\u00fablica Estatal,\u00a0por lo que con la aprobaci\u00f3n de este dictamen, se expresa al Gobierno Estatal la voluntad pol\u00edtica para que se generen acciones tendientes a la austeridad y ahorros en la administraci\u00f3n\u00a0p\u00fablica del estado, y con ello la mejora de las finanzas\u00a0p\u00fablicas\u00a0estatales.<\/p>\n<p class=\"x_gmail-m7411615258835611794gmail-paragraph\">Sin embargo, dijo,\u00a0obliga al Gobierno del\u00a0Estado asumir un\u00a0compromiso para que estas fusiones realmente se reflejen en el adelgazamiento de la burocracia, eficacia en las demandas ciudadanas que se\u00a0atend\u00edan\u00a0a\u00a0trav\u00e9s de estas dependencias y adem\u00e1s de una\u00a0reingenier\u00eda administrativa en otras \u00e1reas de Gobierno que requieren una revisi\u00f3n profunda.<\/p>\n","protected":false},"excerpt":{"rendered":"<p>El\u00a0diputado tricolor, se\u00f1alo que tras la\u00a0aprobaci\u00f3n\u00a0del dictamen\u00a0para\u00a0reformar la Ley Org\u00e1nica, se establecen\u00a0\u00a0art\u00edculos transitorios\u00a0en donde se aclare a el destino\u00a0de los\u00a0recursos\u00a0y\u00a0\u00a0sean utilizados de manera transparente\u00a0 Morelia; Michoac\u00e1n, 26 de junio de 2017.- \u00a0El Gobierno estatal debe clarificar en que ser\u00e1n utilizados\u00a0los recursos que resulten del ahorro y\u00a0la fusi\u00f3n de algunas Secretar\u00edas, propuestas por el Ejecutivo del [&hellip;]<\/p>\n","protected":false},"author":2,"featured_media":38758,"comment_status":"closed","ping_status":"closed","sticky":false,"template":"","format":"standard","meta":{"footnotes":""},"categories":[6,14],"tags":[],"class_list":["post-38757","post","type-post","status-publish","format-standard","has-post-thumbnail","hentry","category-congreso-del-estado","category-destacadas"],"_links":{"self":[{"href":"https:\/\/radiowebmx.com\/nota\/wp-json\/wp\/v2\/posts\/38757","targetHints":{"allow":["GET"]}}],"collection":[{"href":"https:\/\/radiowebmx.com\/nota\/wp-json\/wp\/v2\/posts"}],"about":[{"href":"https:\/\/radiowebmx.com\/nota\/wp-json\/wp\/v2\/types\/post"}],"author":[{"embeddable":true,"href":"https:\/\/radiowebmx.com\/nota\/wp-json\/wp\/v2\/users\/2"}],"replies":[{"embeddable":true,"href":"https:\/\/radiowebmx.com\/nota\/wp-json\/wp\/v2\/comments?post=38757"}],"version-history":[{"count":1,"href":"https:\/\/radiowebmx.com\/nota\/wp-json\/wp\/v2\/posts\/38757\/revisions"}],"predecessor-version":[{"id":38759,"href":"https:\/\/radiowebmx.com\/nota\/wp-json\/wp\/v2\/posts\/38757\/revisions\/38759"}],"wp:featuredmedia":[{"embeddable":true,"href":"https:\/\/radiowebmx.com\/nota\/wp-json\/wp\/v2\/media\/38758"}],"wp:attachment":[{"href":"https:\/\/radiowebmx.com\/nota\/wp-json\/wp\/v2\/media?parent=38757"}],"wp:term":[{"taxonomy":"category","embeddable":true,"href":"https:\/\/radiowebmx.com\/nota\/wp-json\/wp\/v2\/categories?post=38757"},{"taxonomy":"post_tag","embeddable":true,"href":"https:\/\/radiowebmx.com\/nota\/wp-json\/wp\/v2\/tags?post=38757"}],"curies":[{"name":"wp","href":"https:\/\/api.w.org\/{rel}","templated":true}]}}