{"id":38754,"date":"2017-06-26T17:29:17","date_gmt":"2017-06-26T22:29:17","guid":{"rendered":"https:\/\/radiowebmx.com\/nota\/?p=38754"},"modified":"2017-06-27T13:31:08","modified_gmt":"2017-06-27T18:31:08","slug":"pide-yarabi-avila-evaluar-y-transparentar-acciones-a-un-ano-de-la-declaratoria-de-la-avgm","status":"publish","type":"post","link":"https:\/\/radiowebmx.com\/nota\/pide-yarabi-avila-evaluar-y-transparentar-acciones-a-un-ano-de-la-declaratoria-de-la-avgm\/","title":{"rendered":"Pide Yarab\u00ed \u00c1vila evaluar y transparentar acciones,  a un a\u00f1o de la declaratoria de la AVGM"},"content":{"rendered":"<p class=\"x_gmail-m7411615258835611794gmail-paragraph\"><span class=\"x_gmail-m7411615258835611794gmail-normaltextrun\"><i><span lang=\"ES\">A un a\u00f1o de haberse decretado en 14 municipios del Estado la alerta<\/span>, la legisladora del PRI demand\u00f3 transparencia y rendici\u00f3n de cuentas de todos los actores p\u00fablicos participantes en este proceso<\/i><\/span><span class=\"x_gmail-m7411615258835611794gmail-eop\"><i><span lang=\"ES\">\u00a0<\/span><\/i><i><\/i><\/span><\/p>\n<p class=\"x_gmail-m7411615258835611794gmail-paragraph\"><b>Morelia; Michoac\u00e1n, 26 de junio de 2017.- <\/b><span lang=\"ES\">Es obligaci\u00f3n del Gobierno Estatal garantizar las\u00a0pol\u00edticas\u00a0p\u00fablicas y acciones con suficiencia presupuestaria con\u00a0perspectiva de g\u00e9nero, se\u00f1al\u00f3\u00a0la diputada del PRI por Morelia Noroeste,\u00a0Yarab\u00ed\u00a0\u00c1vila\u00a0Gonz\u00e1lez, quien demand\u00f3 transparentar los recursos, dar evaluaci\u00f3n y seguimiento, sobre\u00a0c\u00f3mo\u00a0se han aplicado los recursos\u00a0 encaminados a cumplir con las\u00a0acciones decretadas en la declaratoria de\u00a0la\u00a0Alerta\u00a0de Violencia de G\u00e9nero\u00a0contra las Mujeres (AVGM).\u00a0\u00a0<\/span><\/p>\n<p class=\"x_MsoNormal\"><span lang=\"ES\">A un a\u00f1o de haberse decretado en 14 municipios del Estado la alerta, la legisladora del PRI demand\u00f3 transparencia y rendici\u00f3n de cuentas de todos los actores p\u00fablicos participantes en este proceso, tanto el Gobierno Estatal como municipios, as\u00ed como una\u00a0evaluaci\u00f3n y medici\u00f3n del impacto de las pol\u00edticas con\u00a0perspectiva\u00a0de\u00a0g\u00e9nero.\u00a0<\/span><\/p>\n<p class=\"x_MsoNormal\"><span lang=\"ES\">La diputada\u00a0Yarab\u00ed\u00a0\u00c1vila Gonz\u00e1lez afirm\u00f3 que se debe\u00a0medir el\u00a0impacto\u00a0real de las\u00a0pol\u00edticas\u00a0p\u00fablicas\u00a0y como han incidido en la reducci\u00f3n de la violencia\u00a0cometida\u00a0contra mujeres,\u00a0y\u00a0como se ha traducido en mejores condiciones de vida para ellas y evitar que\u00a0contin\u00faen\u00a0en el\u00a0c\u00edrculo\u00a0de la violencia.\u00a0<\/span><\/p>\n<p class=\"x_MsoNormal\"><span lang=\"ES\">Por lo que\u00a0urgi\u00f3 dejar atr\u00e1s la simulaci\u00f3n, esto al se\u00f1alar que a\u00fan falta mucho realizar en la materia,\u00a0ya que se debe trabajar no solo\u00a0en\u00a0\u00a0re direccionar las acciones y efectuar un trabajo transversal en donde ayuntamientos y Gobierno Estatal\u00a0coordinen acciones conjuntas,\u00a0 se sumen los tres poderes del Ejecutivo, Legislativo y Judicial, sino de atacar las causas de la violencia.<\/span><\/p>\n<p class=\"x_MsoNormal\"><span lang=\"ES\">La legisladora del tricolor,\u00a0asimismo\u00a0agreg\u00f3 que para caminar en la efectiva aplicaci\u00f3n de los recursos\u00a0con perspectiva de g\u00e9nero, es fundamental\u00a0 combatir el flagelo de la corrupci\u00f3n, esto con el prop\u00f3sito de que las dependencias puedan aplicar y destinar los recursos p\u00fablicos al tema de la alerta de g\u00e9nero.\u00a0<\/span><\/p>\n<p class=\"x_MsoNormal\"><span lang=\"ES\">Reiter\u00f3 su postura a favor de una evaluaci\u00f3n del impacto de programas y acciones, as\u00ed como de los recursos que se destinan a programas destinados a las mujeres, en un ejercicio de transparencia y rendici\u00f3n de cuentas.\u00a0<\/span><\/p>\n<p class=\"x_MsoNormal\"><span lang=\"ES\">\u00a0<\/span><\/p>\n<p class=\"x_MsoNormal\"><span lang=\"ES\">\u00c1vila Gonz\u00e1lez se pronunci\u00f3 a favor de trabajar en los temas de salud, educaci\u00f3n y seguridad para empoderar a las mujeres, pero a la par dijo se debe caminar\u00a0en el tema de prevenci\u00f3n, esto al se\u00f1alar que no sirve de nada estrategia de solucionar las consecuencias, sino se ataca de ra\u00edz los problemas.\u00a0de igual manera refiri\u00f3 que el\u00a0tema se trabaja en su Distrito, donde se ha\u00a0logrado acercar talleres de empoderamiento, capacitaci\u00f3n y trabajo con las mujeres, para aportar al combate de la violencia de g\u00e9nero.<\/span><\/p>\n<p class=\"x_MsoNormal\"><span lang=\"ES\">\u00a0<\/span><\/p>\n","protected":false},"excerpt":{"rendered":"<p>A un a\u00f1o de haberse decretado en 14 municipios del Estado la alerta, la legisladora del PRI demand\u00f3 transparencia y rendici\u00f3n de cuentas de todos los actores p\u00fablicos participantes en este proceso\u00a0 Morelia; Michoac\u00e1n, 26 de junio de 2017.- Es obligaci\u00f3n del Gobierno Estatal garantizar las\u00a0pol\u00edticas\u00a0p\u00fablicas y acciones con suficiencia presupuestaria con\u00a0perspectiva de g\u00e9nero, se\u00f1al\u00f3\u00a0la [&hellip;]<\/p>\n","protected":false},"author":2,"featured_media":38755,"comment_status":"closed","ping_status":"closed","sticky":false,"template":"","format":"standard","meta":{"footnotes":""},"categories":[6,14,7],"tags":[],"class_list":["post-38754","post","type-post","status-publish","format-standard","has-post-thumbnail","hentry","category-congreso-del-estado","category-destacadas","category-grupo-parlamentario-del-pri"],"_links":{"self":[{"href":"https:\/\/radiowebmx.com\/nota\/wp-json\/wp\/v2\/posts\/38754","targetHints":{"allow":["GET"]}}],"collection":[{"href":"https:\/\/radiowebmx.com\/nota\/wp-json\/wp\/v2\/posts"}],"about":[{"href":"https:\/\/radiowebmx.com\/nota\/wp-json\/wp\/v2\/types\/post"}],"author":[{"embeddable":true,"href":"https:\/\/radiowebmx.com\/nota\/wp-json\/wp\/v2\/users\/2"}],"replies":[{"embeddable":true,"href":"https:\/\/radiowebmx.com\/nota\/wp-json\/wp\/v2\/comments?post=38754"}],"version-history":[{"count":1,"href":"https:\/\/radiowebmx.com\/nota\/wp-json\/wp\/v2\/posts\/38754\/revisions"}],"predecessor-version":[{"id":38756,"href":"https:\/\/radiowebmx.com\/nota\/wp-json\/wp\/v2\/posts\/38754\/revisions\/38756"}],"wp:featuredmedia":[{"embeddable":true,"href":"https:\/\/radiowebmx.com\/nota\/wp-json\/wp\/v2\/media\/38755"}],"wp:attachment":[{"href":"https:\/\/radiowebmx.com\/nota\/wp-json\/wp\/v2\/media?parent=38754"}],"wp:term":[{"taxonomy":"category","embeddable":true,"href":"https:\/\/radiowebmx.com\/nota\/wp-json\/wp\/v2\/categories?post=38754"},{"taxonomy":"post_tag","embeddable":true,"href":"https:\/\/radiowebmx.com\/nota\/wp-json\/wp\/v2\/tags?post=38754"}],"curies":[{"name":"wp","href":"https:\/\/api.w.org\/{rel}","templated":true}]}}