{"id":38751,"date":"2017-06-26T17:22:52","date_gmt":"2017-06-26T22:22:52","guid":{"rendered":"https:\/\/radiowebmx.com\/nota\/?p=38751"},"modified":"2017-06-27T13:29:09","modified_gmt":"2017-06-27T18:29:09","slug":"urgente-crear-mecanismo-de-proteccion-para-periodistas-y-defensores-de-derechos-humanos-wilfrido-lazaro","status":"publish","type":"post","link":"https:\/\/radiowebmx.com\/nota\/urgente-crear-mecanismo-de-proteccion-para-periodistas-y-defensores-de-derechos-humanos-wilfrido-lazaro\/","title":{"rendered":"Urgente crear Mecanismo de Protecci\u00f3n para Periodistas y Defensores de Derechos Humanos, Wilfrido L\u00e1zaro"},"content":{"rendered":"<ul type=\"disc\">\n<li class=\"x_MsoNormal\"><i>El diputado del PRI, urgi\u00f3 la discusi\u00f3n del proyecto Ley para la Protecci\u00f3n de Defensores de los Derechos Humanos y Periodistas del Estado de Michoac\u00e1n<\/i><i><\/i><\/li>\n<\/ul>\n<p class=\"x_MsoNormal\"><b>\u00a0<\/b><\/p>\n<p class=\"x_MsoNormal\"><b>Morelia; Michoac\u00e1n, 26 de junio de 2017.- <\/b>Es urgente generar un mecanismo de protecci\u00f3n de para periodistas y defensores de derechos humanos\u00a0\u00a0en Michoac\u00e1n, \u00a0y con el cual no se cuenta actualmente, salvo a nivel federal, afirm\u00f3 el diputado Presidente de la Comisi\u00f3n de Seguridad y Protecci\u00f3n Civil en el Congreso del Estado, Wilfrido L\u00e1zaro Medina, quien present\u00f3 ante el Pleno de la 73 Legislatura la Iniciativa con Proyecto de Decreto por el que se expide la Ley para la Protecci\u00f3n de Defensores de los Derechos Humanos y Periodistas del Estado de Michoac\u00e1n.<\/p>\n<p class=\"x_MsoNormal\"><a href=\"https:\/\/radiowebmx.com\/nota\/wp-content\/uploads\/2017\/06\/Comunicado-879-2.jpg\"><img loading=\"lazy\" decoding=\"async\" class=\"alignnone size-full wp-image-38752\" src=\"https:\/\/radiowebmx.com\/nota\/wp-content\/uploads\/2017\/06\/Comunicado-879-2.jpg\" alt=\"\" width=\"421\" height=\"472\" \/><\/a><\/p>\n<p class=\"x_MsoNormal\">Agreg\u00f3 que ante la situaci\u00f3n de vulnerabilidad que enfrentan los profesionales, tanto activistas sociales como periodistas, es fundamental que la normatividad local se armonice con la ley Federal, ya existente en la materia, pero adem\u00e1s se nutra de las aportaciones que realicen los sectores que se ver\u00e1n beneficiados con esta propuesta.<\/p>\n<p class=\"x_MsoNormal\">\n<p class=\"x_MsoNormal\">L\u00e1zaro Medina, precis\u00f3 que la propuesta realizada por \u00e9l\u00a0en mayo pasado, ante el Pleno del Congreso del Estado, busca tutelar la libertad de expresi\u00f3n, y establecer mecanismos desde la ley para que el Estado garantice condiciones de seguridad para el ejercicio period\u00edstico, que protege el derecho de los ciudadanos a la informaci\u00f3n.<\/p>\n<p class=\"x_MsoNormal\">\n<p class=\"x_MsoNormal\">En este contexto, confi\u00f3 en que sus hom\u00f3logos \u00a0en el Congreso del Estado dar\u00e1n \u00a0celeridad al tema y concretar\u00e1n el \u00a0mecanismo de Protecci\u00f3n, a quienes lamentablemente sufren en estos momentos condiciones vulnerables en el ejercicio period\u00edstico y en la defensa de los derechos humanos.<\/p>\n<p class=\"x_MsoNormal\">\n<p class=\"x_MsoNormal\">El diputado del PRI tambi\u00e9n mencion\u00f3 que es fundamental que el Gobierno Estatal y los municipios \u00a0garanticen a los ciudadanos michoacanos condiciones de paz y tranquilidad, en donde puedan ejercer su actividad o profesi\u00f3n sin menoscabo de su seguridad o integridad personal. &#8221; lo mejor ser\u00eda que no se tuviera que generar mecanismos de Protecci\u00f3n espec\u00edficos pero la realidad se impone &#8220;, agreg\u00f3.<\/p>\n<p class=\"x_MsoNormal\">\n<p class=\"x_MsoNormal\">El diputado record\u00f3 que la Comisi\u00f3n Estatal de Derechos Humanos (CEDH) en 2016 se presentaron 8 quejas, 4 contra la Polic\u00eda Michoac\u00e1n; 1 contra la Polic\u00eda Municipal de Tac\u00e1mbaro; 1 contra la Procuradur\u00eda General de Justicia del Estado; 1 contra el CERESO \u201cDavid Franco Rodr\u00edguez\u201d secci\u00f3n de delitos de alto impacto; y 1 contra el Sistema Michoacano de Radio y Televisi\u00f3n. En esta misma Comisi\u00f3n en 2017 se presentaron 2 quejas: 1 contra la Secretar\u00eda de Seguridad P\u00fablica y otra contra la Coordinaci\u00f3n de Comunicaci\u00f3n Social, ambas por violaci\u00f3n a la libertad de expresi\u00f3n.<\/p>\n<p class=\"x_MsoNormal\">\n<p class=\"x_MsoNormal\">Respecto al mecanismo de Protecci\u00f3n para Defensores de los Derechos Humanos y Periodista, que opera la Subsecretar\u00eda de Derechos Humanos de la Secretar\u00eda de<\/p>\n<p class=\"x_MsoNormal\">\n<p class=\"x_MsoNormal\">Gobernaci\u00f3n, se registra que entre 2013 y 2017 un total de 405 solicitudes, de las cuales 175 corresponden a solicitudes de incorporaci\u00f3n por parte de personas defensoras fue de 175 y por parte de periodistas fueron 230. En este periodo de Michoac\u00e1n se presentaron 14 solicitudes y actualmente hay 34 personas beneficiarias, de las cuales corresponden 26 a defensores de derechos humanos y 8 de periodistas.<\/p>\n<p class=\"x_MsoNormal\">\n<p class=\"x_MsoNormal\">Asegur\u00f3 que es \u00a0inaplazable su discusi\u00f3n, an\u00e1lisis y estudio para posteriormente su dictamen, y agrego que esta propuesta plantea la incorporaci\u00f3n de los municipios \u00a0al Mecanismo de Protecci\u00f3n para Defensores de los Derechos Humanos y Periodistas.<\/p>\n<p class=\"x_MsoNormal\">\n<p class=\"x_MsoNormal\">L\u00e1zaro Medina manifest\u00f3 su solidaridad con el gremio period\u00edstico y conden\u00f3 los hechos que han resultado en la muerte de periodistas en el pa\u00eds y el. Estado, y pidi\u00f3 no tolerar, ni permitir bajo ninguna de sus modalidades o tipos, la censura, intimidaci\u00f3n, las amenazas, con el prop\u00f3sito de coartar la libertad de expresi\u00f3n.<\/p>\n","protected":false},"excerpt":{"rendered":"<p>El diputado del PRI, urgi\u00f3 la discusi\u00f3n del proyecto Ley para la Protecci\u00f3n de Defensores de los Derechos Humanos y Periodistas del Estado de Michoac\u00e1n \u00a0 Morelia; Michoac\u00e1n, 26 de junio de 2017.- Es urgente generar un mecanismo de protecci\u00f3n de para periodistas y defensores de derechos humanos\u00a0\u00a0en Michoac\u00e1n, \u00a0y con el cual no se [&hellip;]<\/p>\n","protected":false},"author":2,"featured_media":38752,"comment_status":"closed","ping_status":"closed","sticky":false,"template":"","format":"standard","meta":{"footnotes":""},"categories":[6,14,7],"tags":[],"class_list":["post-38751","post","type-post","status-publish","format-standard","has-post-thumbnail","hentry","category-congreso-del-estado","category-destacadas","category-grupo-parlamentario-del-pri"],"_links":{"self":[{"href":"https:\/\/radiowebmx.com\/nota\/wp-json\/wp\/v2\/posts\/38751","targetHints":{"allow":["GET"]}}],"collection":[{"href":"https:\/\/radiowebmx.com\/nota\/wp-json\/wp\/v2\/posts"}],"about":[{"href":"https:\/\/radiowebmx.com\/nota\/wp-json\/wp\/v2\/types\/post"}],"author":[{"embeddable":true,"href":"https:\/\/radiowebmx.com\/nota\/wp-json\/wp\/v2\/users\/2"}],"replies":[{"embeddable":true,"href":"https:\/\/radiowebmx.com\/nota\/wp-json\/wp\/v2\/comments?post=38751"}],"version-history":[{"count":1,"href":"https:\/\/radiowebmx.com\/nota\/wp-json\/wp\/v2\/posts\/38751\/revisions"}],"predecessor-version":[{"id":38753,"href":"https:\/\/radiowebmx.com\/nota\/wp-json\/wp\/v2\/posts\/38751\/revisions\/38753"}],"wp:featuredmedia":[{"embeddable":true,"href":"https:\/\/radiowebmx.com\/nota\/wp-json\/wp\/v2\/media\/38752"}],"wp:attachment":[{"href":"https:\/\/radiowebmx.com\/nota\/wp-json\/wp\/v2\/media?parent=38751"}],"wp:term":[{"taxonomy":"category","embeddable":true,"href":"https:\/\/radiowebmx.com\/nota\/wp-json\/wp\/v2\/categories?post=38751"},{"taxonomy":"post_tag","embeddable":true,"href":"https:\/\/radiowebmx.com\/nota\/wp-json\/wp\/v2\/tags?post=38751"}],"curies":[{"name":"wp","href":"https:\/\/api.w.org\/{rel}","templated":true}]}}