{"id":38748,"date":"2017-06-26T17:21:19","date_gmt":"2017-06-26T22:21:19","guid":{"rendered":"https:\/\/radiowebmx.com\/nota\/?p=38748"},"modified":"2017-06-27T13:22:34","modified_gmt":"2017-06-27T18:22:34","slug":"piden-diputados-del-pan-justicia-para-salvador-adame-y-para-victimas-de-la-inseguridad-en-michoacan","status":"publish","type":"post","link":"https:\/\/radiowebmx.com\/nota\/piden-diputados-del-pan-justicia-para-salvador-adame-y-para-victimas-de-la-inseguridad-en-michoacan\/","title":{"rendered":"Piden diputados del PAN justicia para Salvador Adame y para v\u00edctimas de la inseguridad en Michoac\u00e1n"},"content":{"rendered":"<p class=\"x_MsoNormal\"><i>A nombre del Grupo Parlamentario, el coordinador panista expres\u00f3 sus condolencias para los familiares del comunicador michoacano<\/i><i><\/i><\/p>\n<p class=\"x_MsoNormal\">\n<p class=\"x_MsoNormal\"><b>Morelia; Michoac\u00e1n, 26 de junio de 2017.- <\/b>Los integrantes del Grupo Parlamentario del Partido Acci\u00f3n Nacional, Carlos Quintana Mart\u00ednez, Eduardo Garc\u00eda Chavira, Miguel \u00c1ngel Villegas Soto, H\u00e9ctor G\u00f3mez Trujillo, Andrea Villanueva Cano, Macarena Ch\u00e1vez Flores y Alma Mireya Gonz\u00e1lez S\u00e1nchez, lamentan y condenan el asesinato del periodista Salvador Adame Pardo y demandaron a las autoridades responsables de la Seguridad y de la Procuraci\u00f3n de Justicia en el Estado, esclarecer \u00e9ste y todos los homicidios de miles de michoacanos que siguen esperando la acci\u00f3n de la justicia.<\/p>\n<p class=\"x_MsoNormal\"><a href=\"https:\/\/radiowebmx.com\/nota\/wp-content\/uploads\/2017\/06\/Comunicado-878.jpg\"><img loading=\"lazy\" decoding=\"async\" class=\"alignnone size-medium wp-image-38749\" src=\"https:\/\/radiowebmx.com\/nota\/wp-content\/uploads\/2017\/06\/Comunicado-878-595x558.jpg\" alt=\"\" width=\"595\" height=\"558\" srcset=\"https:\/\/radiowebmx.com\/nota\/wp-content\/uploads\/2017\/06\/Comunicado-878-595x558.jpg 595w, https:\/\/radiowebmx.com\/nota\/wp-content\/uploads\/2017\/06\/Comunicado-878.jpg 709w\" sizes=\"auto, (max-width: 595px) 100vw, 595px\" \/><\/a><\/p>\n<p class=\"x_MsoNormal\">El coordinador de la bancada albiazul, Carlos Quintana Mart\u00ednez, expres\u00f3 sus condolencias para los familiares del comunicador michoacano y exhort\u00f3 a las autoridades responsables de la seguridad en el estado, no cesar sus esfuerzos y continuar la investigaci\u00f3n que permita el absoluto esclarecimiento de este homicidio.<\/p>\n<p class=\"x_MsoNormal\">\n<p class=\"x_MsoNormal\">Por su parte y como presidenta del Comit\u00e9 de Comunicaci\u00f3n Social, Andrea Villanueva, reiter\u00f3 la urgencia de que todos los niveles de gobierno, pero principalmente el Poder Legislativo, instauren las medidas legales necesarias que permitan brindar mayores garant\u00edas a los comunicadores en la entidad, sobre todo la implementaci\u00f3n de estrategias que prevengan la comisi\u00f3n de delitos en contra de la libertad de expresi\u00f3n.<\/p>\n<p class=\"x_MsoNormal\">\n<p class=\"x_MsoNormal\">\u201cNo podemos seguir esperando que las v\u00edctimas sigan acumul\u00e1ndose y nosotros no tengamos manera de proteger a cualquier michoacano que ejerza el periodismo; por eso reitero el llamado para aprobar la propuesta de reforma al C\u00f3digo Penal que busca sancionar a la persona que amenace a cualquier michoacano por ejercer su libertad de expresi\u00f3n\u201d, insisti\u00f3 Villanueva Cano.<\/p>\n<p class=\"x_MsoNormal\">\n<p class=\"x_MsoNormal\">A manera de conclusi\u00f3n, todos los integrantes de la bancada albiazul, refrendaron su respaldo al gremio period\u00edstico y a los michoacanos que en el pleno ejercicio de un derecho tan fundamental como la libertad de expresi\u00f3n, defienden y consolidan la democracia de la entidad.<\/p>\n","protected":false},"excerpt":{"rendered":"<p>A nombre del Grupo Parlamentario, el coordinador panista expres\u00f3 sus condolencias para los familiares del comunicador michoacano Morelia; Michoac\u00e1n, 26 de junio de 2017.- Los integrantes del Grupo Parlamentario del Partido Acci\u00f3n Nacional, Carlos Quintana Mart\u00ednez, Eduardo Garc\u00eda Chavira, Miguel \u00c1ngel Villegas Soto, H\u00e9ctor G\u00f3mez Trujillo, Andrea Villanueva Cano, Macarena Ch\u00e1vez Flores y Alma Mireya [&hellip;]<\/p>\n","protected":false},"author":2,"featured_media":38749,"comment_status":"closed","ping_status":"closed","sticky":false,"template":"","format":"standard","meta":{"footnotes":""},"categories":[6,14,8],"tags":[],"class_list":["post-38748","post","type-post","status-publish","format-standard","has-post-thumbnail","hentry","category-congreso-del-estado","category-destacadas","category-grupo-parlamentario-del-pan"],"_links":{"self":[{"href":"https:\/\/radiowebmx.com\/nota\/wp-json\/wp\/v2\/posts\/38748","targetHints":{"allow":["GET"]}}],"collection":[{"href":"https:\/\/radiowebmx.com\/nota\/wp-json\/wp\/v2\/posts"}],"about":[{"href":"https:\/\/radiowebmx.com\/nota\/wp-json\/wp\/v2\/types\/post"}],"author":[{"embeddable":true,"href":"https:\/\/radiowebmx.com\/nota\/wp-json\/wp\/v2\/users\/2"}],"replies":[{"embeddable":true,"href":"https:\/\/radiowebmx.com\/nota\/wp-json\/wp\/v2\/comments?post=38748"}],"version-history":[{"count":1,"href":"https:\/\/radiowebmx.com\/nota\/wp-json\/wp\/v2\/posts\/38748\/revisions"}],"predecessor-version":[{"id":38750,"href":"https:\/\/radiowebmx.com\/nota\/wp-json\/wp\/v2\/posts\/38748\/revisions\/38750"}],"wp:featuredmedia":[{"embeddable":true,"href":"https:\/\/radiowebmx.com\/nota\/wp-json\/wp\/v2\/media\/38749"}],"wp:attachment":[{"href":"https:\/\/radiowebmx.com\/nota\/wp-json\/wp\/v2\/media?parent=38748"}],"wp:term":[{"taxonomy":"category","embeddable":true,"href":"https:\/\/radiowebmx.com\/nota\/wp-json\/wp\/v2\/categories?post=38748"},{"taxonomy":"post_tag","embeddable":true,"href":"https:\/\/radiowebmx.com\/nota\/wp-json\/wp\/v2\/tags?post=38748"}],"curies":[{"name":"wp","href":"https:\/\/api.w.org\/{rel}","templated":true}]}}