{"id":38737,"date":"2017-06-26T17:44:08","date_gmt":"2017-06-26T22:44:08","guid":{"rendered":"https:\/\/radiowebmx.com\/nota\/?p=38737"},"modified":"2017-06-27T13:19:18","modified_gmt":"2017-06-27T18:19:18","slug":"realizaran-taller-de-capacitacion-para-presentar-ley-de-ingresos-municipales","status":"publish","type":"post","link":"https:\/\/radiowebmx.com\/nota\/realizaran-taller-de-capacitacion-para-presentar-ley-de-ingresos-municipales\/","title":{"rendered":"Realizar\u00e1n taller de capacitaci\u00f3n para presentar ley de ingresos municipales"},"content":{"rendered":"<ul type=\"disc\">\n<li class=\"x_MsoNormal\"><i>Los diputados de las Comisiones Unidas aprobaron impartir el curso los d\u00edas 10 y 11 de junio en el Congreso del Estado<\/i><\/li>\n<\/ul>\n<p class=\"x_MsoNormal\" align=\"center\"><b>\u00a0<\/b><\/p>\n<p class=\"x_MsoNormal\"><b>Morelia; Michoac\u00e1n, 26 de junio de 2017.-<\/b> Las Comisiones Unidas de Programaci\u00f3n Presupuesto y Cuenta P\u00fablica y de Hacienda y Deuda P\u00fablica, aprobaron realizar los d\u00edas 10 Y 11 de junio el \u201cTaller de Actualizaci\u00f3n para la Presentaci\u00f3n de las Iniciativas de Leyes de Ingresos Municipales\u201d, dirigida a los funcionarios de los ayuntamientos que son responsables de elaborarla, quienes tienen como fecha l\u00edmite el 31 de agosto para entregar la propuesta para el ejercicio fiscal 2018.<\/p>\n<p class=\"x_MsoNormal\"><a href=\"https:\/\/radiowebmx.com\/nota\/wp-content\/uploads\/2017\/06\/Comunicado-876.jpg\"><img loading=\"lazy\" decoding=\"async\" class=\"alignnone size-medium wp-image-38746\" src=\"https:\/\/radiowebmx.com\/nota\/wp-content\/uploads\/2017\/06\/Comunicado-876-595x549.jpg\" alt=\"\" width=\"595\" height=\"549\" srcset=\"https:\/\/radiowebmx.com\/nota\/wp-content\/uploads\/2017\/06\/Comunicado-876-595x549.jpg 595w, https:\/\/radiowebmx.com\/nota\/wp-content\/uploads\/2017\/06\/Comunicado-876.jpg 709w\" sizes=\"auto, (max-width: 595px) 100vw, 595px\" \/><\/a><\/p>\n<p class=\"x_MsoNormal\">En reuni\u00f3n de trabajo los diputados Ra\u00fal Prieto, presidente de la Comisi\u00f3n de Programaci\u00f3n, Presupuesto y Cuenta P\u00fablica, Pascual Sigala, Eduardo Garc\u00eda Chavira, Ernesto N\u00fa\u00f1ez y Sergio Ochoa integrantes de la misma; as\u00ed como Miguel \u00c1ngel Villegas, Carlos Quintana, Adriana Campos Huirache y Socorro Quintana, presidente e integrantes, respectivamente de la Comisi\u00f3n de Hacienda y Deuda P\u00fablica, resaltaron la importancia de realizar dicha capacitaci\u00f3n que ayudar\u00e1 a que los ayuntamientos entreguen sus iniciativas en tiempo y de la forma adecuada.<\/p>\n<p class=\"x_MsoNormal\">\n<p class=\"x_MsoNormal\">Destacaron que para este a\u00f1o el curso se enfocar\u00e1 en el tema del clasificador por rubro de ingresos emitidos por el Consejo Nacional de Armonizaci\u00f3n Contable (CONAC) y el Consejo Estatal de Armonizaci\u00f3n Contable (COEAC); as\u00ed como en el formato de Fuentes de Financiamiento, el cual consiste en presentar los gastos p\u00fablicos seg\u00fan los agregados gen\u00e9ricos de los recursos empleados para su financiamiento, lo que permite identificar las fuentes y or\u00edgenes de los ingresos y controlar su aplicaci\u00f3n.<\/p>\n<p class=\"x_MsoNormal\">\n<p class=\"x_MsoNormal\">En este tenor, los parlamentarios acordaron que se les invitar\u00e1 a los 113 municipios del estado, para que participen en dicho taller, as\u00ed como se les har\u00e1 un recordatorio de la fecha l\u00edmite de entrega y recomendaciones que deber\u00e1n considerar, con el fin de cumplir con la respectiva legislaci\u00f3n vigente.<\/p>\n","protected":false},"excerpt":{"rendered":"<p>Los diputados de las Comisiones Unidas aprobaron impartir el curso los d\u00edas 10 y 11 de junio en el Congreso del Estado \u00a0 Morelia; Michoac\u00e1n, 26 de junio de 2017.- Las Comisiones Unidas de Programaci\u00f3n Presupuesto y Cuenta P\u00fablica y de Hacienda y Deuda P\u00fablica, aprobaron realizar los d\u00edas 10 Y 11 de junio el [&hellip;]<\/p>\n","protected":false},"author":2,"featured_media":38746,"comment_status":"closed","ping_status":"closed","sticky":false,"template":"","format":"standard","meta":{"footnotes":""},"categories":[6,14],"tags":[],"class_list":["post-38737","post","type-post","status-publish","format-standard","has-post-thumbnail","hentry","category-congreso-del-estado","category-destacadas"],"_links":{"self":[{"href":"https:\/\/radiowebmx.com\/nota\/wp-json\/wp\/v2\/posts\/38737","targetHints":{"allow":["GET"]}}],"collection":[{"href":"https:\/\/radiowebmx.com\/nota\/wp-json\/wp\/v2\/posts"}],"about":[{"href":"https:\/\/radiowebmx.com\/nota\/wp-json\/wp\/v2\/types\/post"}],"author":[{"embeddable":true,"href":"https:\/\/radiowebmx.com\/nota\/wp-json\/wp\/v2\/users\/2"}],"replies":[{"embeddable":true,"href":"https:\/\/radiowebmx.com\/nota\/wp-json\/wp\/v2\/comments?post=38737"}],"version-history":[{"count":1,"href":"https:\/\/radiowebmx.com\/nota\/wp-json\/wp\/v2\/posts\/38737\/revisions"}],"predecessor-version":[{"id":38747,"href":"https:\/\/radiowebmx.com\/nota\/wp-json\/wp\/v2\/posts\/38737\/revisions\/38747"}],"wp:featuredmedia":[{"embeddable":true,"href":"https:\/\/radiowebmx.com\/nota\/wp-json\/wp\/v2\/media\/38746"}],"wp:attachment":[{"href":"https:\/\/radiowebmx.com\/nota\/wp-json\/wp\/v2\/media?parent=38737"}],"wp:term":[{"taxonomy":"category","embeddable":true,"href":"https:\/\/radiowebmx.com\/nota\/wp-json\/wp\/v2\/categories?post=38737"},{"taxonomy":"post_tag","embeddable":true,"href":"https:\/\/radiowebmx.com\/nota\/wp-json\/wp\/v2\/tags?post=38737"}],"curies":[{"name":"wp","href":"https:\/\/api.w.org\/{rel}","templated":true}]}}