{"id":38732,"date":"2017-06-27T12:08:39","date_gmt":"2017-06-27T17:08:39","guid":{"rendered":"https:\/\/radiowebmx.com\/nota\/?p=38732"},"modified":"2017-06-27T12:24:58","modified_gmt":"2017-06-27T17:24:58","slug":"abre-imumo-nuevos-cursos-de-capacitacion","status":"publish","type":"post","link":"https:\/\/radiowebmx.com\/nota\/abre-imumo-nuevos-cursos-de-capacitacion\/","title":{"rendered":"Abre IMUMO nuevos Cursos de Capacitaci\u00f3n"},"content":{"rendered":"<table id=\"x_templateBody\" border=\"0\" width=\"600\" cellspacing=\"0\" cellpadding=\"0\">\n<tbody>\n<tr>\n<td class=\"x_bodyContainer\" valign=\"top\">\n<table class=\"x_mcnTextBlock\" border=\"0\" width=\"100%\" cellspacing=\"0\" cellpadding=\"0\">\n<tbody class=\"x_mcnTextBlockOuter\">\n<tr>\n<td class=\"x_mcnTextBlockInner\" valign=\"top\">\n<table class=\"x_mcnTextContentContainer\" border=\"0\" width=\"100%\" cellspacing=\"0\" cellpadding=\"0\" align=\"left\">\n<tbody>\n<tr>\n<td class=\"x_mcnTextContent\" valign=\"top\">\n<div>Derivado de las gestiones que el Instituto de la Mujer Moreliana (IMUMO) realiza con el fin de crear acciones que favorezcan a las mujeres morelianas, y debido a la gran demanda que han tenido los Cursos de Capacitaci\u00f3n impartidos en la paramunicipal, se abrir\u00e1n nuevos talleres que ayuden al empoderamiento de las mismas.<\/p>\n<p>La Directora del IMUMO, Mar\u00eda Eugenia Romero Olvera, hizo una invitaci\u00f3n a las mujeres interesadas a que se inscriban al Curso de Elaboraci\u00f3n de Velas Art\u00edsticas, el cual dar\u00e1 inicio el pr\u00f3ximo lunes 3 de julio, en un horario de 09:00 a 11:00 horas y se impartir\u00e1 los d\u00edas lunes, mi\u00e9rcoles y viernes de cada semana.<\/p>\n<p>De igual manera, se impartir\u00e1 el Curso de Elaboraci\u00f3n de Comida Vegana, que iniciar\u00e1 el martes 11 de julio de 2017, con clases semanales los d\u00edas martes y jueves, en un horario de 09:00 a 11:00 horas.<\/p>\n<p>Por \u00faltimo, dar\u00e1 inicio el Curso de Bordado con List\u00f3n el pr\u00f3ximo lunes 3 de julio, el cual se llevar\u00e1 a cabo los lunes y viernes de 17:00 a 10:00 horas.<\/p>\n<p>Es necesario mencionar que dichos cursos cuentan con un cupo limitado y ser\u00e1n impartidos en las instalaciones del IMUMO, ubicado en Bartolom\u00e9 de las Casas #491, Colonia Centro, para su inscripci\u00f3n es necesario acudir a las oficinas del Instituto y presentar copia de su CURP, INE y comprobante de domicilio.<\/p>\n<p>Los cursos de Capacitaci\u00f3n y todos los servicios que ofrece el Instituto de la Mujer Moreliana son totalmente gratuitos para las y los morelianos.<\/p><\/div>\n<\/td>\n<\/tr>\n<\/tbody>\n<\/table>\n<\/td>\n<\/tr>\n<\/tbody>\n<\/table>\n<table class=\"x_mcnTextBlock\" border=\"0\" width=\"100%\" cellspacing=\"0\" cellpadding=\"0\">\n<tbody class=\"x_mcnTextBlockOuter\">\n<tr>\n<td class=\"x_mcnTextBlockInner\" valign=\"top\">\n<table class=\"x_mcnTextContentContainer\" border=\"0\" width=\"100%\" cellspacing=\"0\" cellpadding=\"0\" align=\"left\">\n<tbody>\n<tr>\n<td class=\"x_mcnTextContent\" valign=\"top\"><\/td>\n<\/tr>\n<\/tbody>\n<\/table>\n<\/td>\n<\/tr>\n<\/tbody>\n<\/table>\n<\/td>\n<\/tr>\n<\/tbody>\n<\/table>\n<table id=\"x_templateFooter\" border=\"0\" width=\"600\" cellspacing=\"0\" cellpadding=\"0\">\n<tbody>\n<tr>\n<td class=\"x_footerContainer\" valign=\"top\">\n<table class=\"x_mcnTextBlock\" border=\"0\" width=\"100%\" cellspacing=\"0\" cellpadding=\"0\">\n<tbody class=\"x_mcnTextBlockOuter\">\n<tr>\n<td class=\"x_mcnTextBlockInner\" valign=\"top\"><\/td>\n<\/tr>\n<\/tbody>\n<\/table>\n<\/td>\n<\/tr>\n<\/tbody>\n<\/table>\n","protected":false},"excerpt":{"rendered":"<p>Derivado de las gestiones que el Instituto de la Mujer Moreliana (IMUMO) realiza con el fin de crear acciones que favorezcan a las mujeres morelianas, y debido a la gran demanda que han tenido los Cursos de Capacitaci\u00f3n impartidos en la paramunicipal, se abrir\u00e1n nuevos talleres que ayuden al empoderamiento de las mismas. La Directora [&hellip;]<\/p>\n","protected":false},"author":2,"featured_media":38733,"comment_status":"closed","ping_status":"closed","sticky":false,"template":"","format":"standard","meta":{"footnotes":""},"categories":[14,60,9],"tags":[],"class_list":["post-38732","post","type-post","status-publish","format-standard","has-post-thumbnail","hentry","category-destacadas","category-michoacan","category-morelia"],"_links":{"self":[{"href":"https:\/\/radiowebmx.com\/nota\/wp-json\/wp\/v2\/posts\/38732","targetHints":{"allow":["GET"]}}],"collection":[{"href":"https:\/\/radiowebmx.com\/nota\/wp-json\/wp\/v2\/posts"}],"about":[{"href":"https:\/\/radiowebmx.com\/nota\/wp-json\/wp\/v2\/types\/post"}],"author":[{"embeddable":true,"href":"https:\/\/radiowebmx.com\/nota\/wp-json\/wp\/v2\/users\/2"}],"replies":[{"embeddable":true,"href":"https:\/\/radiowebmx.com\/nota\/wp-json\/wp\/v2\/comments?post=38732"}],"version-history":[{"count":1,"href":"https:\/\/radiowebmx.com\/nota\/wp-json\/wp\/v2\/posts\/38732\/revisions"}],"predecessor-version":[{"id":38734,"href":"https:\/\/radiowebmx.com\/nota\/wp-json\/wp\/v2\/posts\/38732\/revisions\/38734"}],"wp:featuredmedia":[{"embeddable":true,"href":"https:\/\/radiowebmx.com\/nota\/wp-json\/wp\/v2\/media\/38733"}],"wp:attachment":[{"href":"https:\/\/radiowebmx.com\/nota\/wp-json\/wp\/v2\/media?parent=38732"}],"wp:term":[{"taxonomy":"category","embeddable":true,"href":"https:\/\/radiowebmx.com\/nota\/wp-json\/wp\/v2\/categories?post=38732"},{"taxonomy":"post_tag","embeddable":true,"href":"https:\/\/radiowebmx.com\/nota\/wp-json\/wp\/v2\/tags?post=38732"}],"curies":[{"name":"wp","href":"https:\/\/api.w.org\/{rel}","templated":true}]}}