{"id":38712,"date":"2017-06-27T10:59:07","date_gmt":"2017-06-27T15:59:07","guid":{"rendered":"https:\/\/radiowebmx.com\/nota\/?p=38712"},"modified":"2017-06-27T11:39:52","modified_gmt":"2017-06-27T16:39:52","slug":"conalep-michoacan-capacita-a-mujeres-emprendedoras","status":"publish","type":"post","link":"https:\/\/radiowebmx.com\/nota\/conalep-michoacan-capacita-a-mujeres-emprendedoras\/","title":{"rendered":"Conalep Michoac\u00e1n capacita a mujeres emprendedoras"},"content":{"rendered":"<p><strong>Morelia, Michoac\u00e1n, a 27 de junio de 2017<\/strong>.- Con el objetivo de capacitar a mujeres emprendedoras de diversas edades, el Colegio de Educaci\u00f3n Profesional T\u00e9cnica del Estado de Michoac\u00e1n contin\u00faa con cursos en rubros como panader\u00eda, reposter\u00eda, belleza, contabilidad, bisuter\u00eda y aplicaci\u00f3n de u\u00f1as, entre otros.<br \/>\n<a href=\"https:\/\/radiowebmx.com\/nota\/wp-content\/uploads\/2017\/06\/34adb46b-90a0-4bc8-991c-16235a9f2eb3.jpg\"><img loading=\"lazy\" decoding=\"async\" class=\"alignnone size-medium wp-image-38713\" src=\"https:\/\/radiowebmx.com\/nota\/wp-content\/uploads\/2017\/06\/34adb46b-90a0-4bc8-991c-16235a9f2eb3-595x542.jpg\" alt=\"\" width=\"595\" height=\"542\" srcset=\"https:\/\/radiowebmx.com\/nota\/wp-content\/uploads\/2017\/06\/34adb46b-90a0-4bc8-991c-16235a9f2eb3-595x542.jpg 595w, https:\/\/radiowebmx.com\/nota\/wp-content\/uploads\/2017\/06\/34adb46b-90a0-4bc8-991c-16235a9f2eb3.jpg 709w\" sizes=\"auto, (max-width: 595px) 100vw, 595px\" \/><\/a><br \/>\nEstos cursos se llevan a cabo en los talleres del plantel Morelia I, que cuentan con la infraestructura para la teor\u00eda y pr\u00e1ctica. El principal objetivo de la actividad es brindar mayores elementos a las beneficiarias, quienes pueden emprender proyectos productivos.<\/p>\n<p>La directora general del Conalep Michoac\u00e1n, Minerva Bautista G\u00f3mez, detall\u00f3 que los talleres se trabajan de manera coordinada con la Secretar\u00eda de Igualdad Sustantiva y Desarrollo de las Mujeres Michoacanas (Seimujer), lo que permite un enlace para acceder al Programa Palabra de Mujer.<\/p>\n<p>\u201cLas mujeres toman mayor confianza para iniciar negocios de venta de bisuter\u00eda o de aplicaci\u00f3n de u\u00f1as, o proyectos donde incluyen a sus familiares. La instrucci\u00f3n del Gobernador Silvano Aureoles Conejo es brindar mayores elementos para que las beneficiarias tengan \u00e9xito en sus proyectos\u201d, puntualiz\u00f3 la funcionaria estatal.<\/p>\n<p>Expuso que actualmente se desarrollan los cursos de belleza y panader\u00eda, a cargo de instructores capacitados.<\/p>\n<p>Las interesadas pueden acudir a las instalaciones de la Seimujer, ubicadas en Perif\u00e9rico Paseo de la Rep\u00fablica No. 875, colonia F\u00e9lix Ireta, donde pueden inscribirse, con un pago \u00fanico de 150 pesos.<\/p>\n","protected":false},"excerpt":{"rendered":"<p>Morelia, Michoac\u00e1n, a 27 de junio de 2017.- Con el objetivo de capacitar a mujeres emprendedoras de diversas edades, el Colegio de Educaci\u00f3n Profesional T\u00e9cnica del Estado de Michoac\u00e1n contin\u00faa con cursos en rubros como panader\u00eda, reposter\u00eda, belleza, contabilidad, bisuter\u00eda y aplicaci\u00f3n de u\u00f1as, entre otros. Estos cursos se llevan a cabo en los talleres [&hellip;]<\/p>\n","protected":false},"author":2,"featured_media":38713,"comment_status":"closed","ping_status":"closed","sticky":false,"template":"","format":"standard","meta":{"footnotes":""},"categories":[14,3,60],"tags":[],"class_list":["post-38712","post","type-post","status-publish","format-standard","has-post-thumbnail","hentry","category-destacadas","category-gobierno-del-estado-de-michoacan","category-michoacan"],"_links":{"self":[{"href":"https:\/\/radiowebmx.com\/nota\/wp-json\/wp\/v2\/posts\/38712","targetHints":{"allow":["GET"]}}],"collection":[{"href":"https:\/\/radiowebmx.com\/nota\/wp-json\/wp\/v2\/posts"}],"about":[{"href":"https:\/\/radiowebmx.com\/nota\/wp-json\/wp\/v2\/types\/post"}],"author":[{"embeddable":true,"href":"https:\/\/radiowebmx.com\/nota\/wp-json\/wp\/v2\/users\/2"}],"replies":[{"embeddable":true,"href":"https:\/\/radiowebmx.com\/nota\/wp-json\/wp\/v2\/comments?post=38712"}],"version-history":[{"count":1,"href":"https:\/\/radiowebmx.com\/nota\/wp-json\/wp\/v2\/posts\/38712\/revisions"}],"predecessor-version":[{"id":38714,"href":"https:\/\/radiowebmx.com\/nota\/wp-json\/wp\/v2\/posts\/38712\/revisions\/38714"}],"wp:featuredmedia":[{"embeddable":true,"href":"https:\/\/radiowebmx.com\/nota\/wp-json\/wp\/v2\/media\/38713"}],"wp:attachment":[{"href":"https:\/\/radiowebmx.com\/nota\/wp-json\/wp\/v2\/media?parent=38712"}],"wp:term":[{"taxonomy":"category","embeddable":true,"href":"https:\/\/radiowebmx.com\/nota\/wp-json\/wp\/v2\/categories?post=38712"},{"taxonomy":"post_tag","embeddable":true,"href":"https:\/\/radiowebmx.com\/nota\/wp-json\/wp\/v2\/tags?post=38712"}],"curies":[{"name":"wp","href":"https:\/\/api.w.org\/{rel}","templated":true}]}}