{"id":38699,"date":"2017-06-26T17:51:34","date_gmt":"2017-06-26T22:51:34","guid":{"rendered":"https:\/\/radiowebmx.com\/nota\/?p=38699"},"modified":"2017-06-27T11:35:59","modified_gmt":"2017-06-27T16:35:59","slug":"regidores-revisan-necesidades-del-edam-y-casa-de-los-abuelos","status":"publish","type":"post","link":"https:\/\/radiowebmx.com\/nota\/regidores-revisan-necesidades-del-edam-y-casa-de-los-abuelos\/","title":{"rendered":"Regidores revisan necesidades del EDAM y Casa de los Abuelos"},"content":{"rendered":"<ul>\n<li>Se recogieron peticiones en estas instancias municipales para ser atendidas a la brevedad.<\/li>\n<\/ul>\n<p>&nbsp;<\/p>\n<div>Morelia, Mich., 26 de junio de 2017<br \/>\nBOLET\u00cdN 1046\/2017<\/div>\n<p>&nbsp;<\/p>\n<div>Con la premisa de ofrecer un trato digno y de calidad humana, la Comisi\u00f3n Especial de Atenci\u00f3n a Grupos Vulnerables que coordina la Regidora, Claudia Leticia L\u00e1zaro Medina realiz\u00f3 un recorrido por las instalaciones del asilo &#8220;La Casa de los Abuelos&#8221; y la Estancia Diurna de los Adultos Mayores (EDAM), lugares en los cuales dialogaron con los responsables y usuarios.<\/p>\n<p>Acompa\u00f1ada por la Directora del DIF Municipal, Susan Melissa V\u00e1squez P\u00e9rez; los Regidores e integrantes de esta \u00e1rea de Cabildo, Jorge Luis Tinoco Ortiz y Alma Rosa Bahena Villalobos; as\u00ed como la Jefa de Departamento de \u201cLa Casa de los Abuelos\u201d, Mar\u00eda Teresa Espinoza Mosqueda, se reunieron con los beneficiarios de este inmueble dirigido a la atenci\u00f3n de los adultos mayores y escucharon sus solicitudes para atenderlas a la brevedad posible.<\/p>\n<p>Algunas de ellas fueron en materia de infraestructura y ampliaci\u00f3n de las instalaciones. Cabe recordar que este albergue hospeda a 40 personas de la tercera edad, 20 mujeres y 20 hombres, quienes reciben alimentos y atenci\u00f3n m\u00e9dica adecuada a cada situaci\u00f3n de salud que mantienen en lo personal.<\/p>\n<p>Asimismo, se present\u00f3 a las autoridades municipales un proyecto de biblioteca y acervo cultural que organiza uno de los habitantes de &#8220;La Casa de los Abuelos&#8221;, con la finalidad de promover talleres de lectura y actividades afines.<\/p>\n<p>Posterior a la visita a este albergue, el siguiente punto en la agenda de los Regidores y la Directora del DIF Morelia, fue el EDAM, lugar en el cual est\u00e1n inscritos 85 adultos en las actividades que ofrecen como son manualidades, Tai Chi, m\u00fasica, la biblioteca que ofrece un taller de estimulaci\u00f3n cognitiva y de lectura, atenci\u00f3n m\u00e9dica, rehabilitaci\u00f3n f\u00edsica y esparcimiento en general, as\u00ed como desayuno y comida.<\/p>\n<p>La Directora del EDAM, Sof\u00eda M\u00e9ndez G\u00f3mez, destac\u00f3 que todos estos servicios son ofertados a la poblaci\u00f3n de la tercera edad con una cuota de recuperaci\u00f3n y que la meta principal de esta Estancia es brindar a la poblaci\u00f3n un lugar que a trav\u00e9s de la activaci\u00f3n f\u00edsica e intelectual promueven una mejor calidad de vida de los adultos mayores.<\/p>\n<p>Entre las principales necesidades del EDAM estuvo la infraestructura urbana del camino de acceso y mejoras en la administraci\u00f3n de agua potable.<\/p>\n<p>De esta manera, los Regidores integrantes de la Comisi\u00f3n Especial de Atenci\u00f3n a Grupos Vulnerables se mantienen vigilantes a que las instancias municipales ofrezcan servicios de calidad y con calidez.<\/p><\/div>\n","protected":false},"excerpt":{"rendered":"<p>Se recogieron peticiones en estas instancias municipales para ser atendidas a la brevedad. &nbsp; Morelia, Mich., 26 de junio de 2017 BOLET\u00cdN 1046\/2017 &nbsp; Con la premisa de ofrecer un trato digno y de calidad humana, la Comisi\u00f3n Especial de Atenci\u00f3n a Grupos Vulnerables que coordina la Regidora, Claudia Leticia L\u00e1zaro Medina realiz\u00f3 un recorrido [&hellip;]<\/p>\n","protected":false},"author":2,"featured_media":38707,"comment_status":"closed","ping_status":"closed","sticky":false,"template":"","format":"standard","meta":{"footnotes":""},"categories":[14,60,9],"tags":[],"class_list":["post-38699","post","type-post","status-publish","format-standard","has-post-thumbnail","hentry","category-destacadas","category-michoacan","category-morelia"],"_links":{"self":[{"href":"https:\/\/radiowebmx.com\/nota\/wp-json\/wp\/v2\/posts\/38699","targetHints":{"allow":["GET"]}}],"collection":[{"href":"https:\/\/radiowebmx.com\/nota\/wp-json\/wp\/v2\/posts"}],"about":[{"href":"https:\/\/radiowebmx.com\/nota\/wp-json\/wp\/v2\/types\/post"}],"author":[{"embeddable":true,"href":"https:\/\/radiowebmx.com\/nota\/wp-json\/wp\/v2\/users\/2"}],"replies":[{"embeddable":true,"href":"https:\/\/radiowebmx.com\/nota\/wp-json\/wp\/v2\/comments?post=38699"}],"version-history":[{"count":1,"href":"https:\/\/radiowebmx.com\/nota\/wp-json\/wp\/v2\/posts\/38699\/revisions"}],"predecessor-version":[{"id":38711,"href":"https:\/\/radiowebmx.com\/nota\/wp-json\/wp\/v2\/posts\/38699\/revisions\/38711"}],"wp:featuredmedia":[{"embeddable":true,"href":"https:\/\/radiowebmx.com\/nota\/wp-json\/wp\/v2\/media\/38707"}],"wp:attachment":[{"href":"https:\/\/radiowebmx.com\/nota\/wp-json\/wp\/v2\/media?parent=38699"}],"wp:term":[{"taxonomy":"category","embeddable":true,"href":"https:\/\/radiowebmx.com\/nota\/wp-json\/wp\/v2\/categories?post=38699"},{"taxonomy":"post_tag","embeddable":true,"href":"https:\/\/radiowebmx.com\/nota\/wp-json\/wp\/v2\/tags?post=38699"}],"curies":[{"name":"wp","href":"https:\/\/api.w.org\/{rel}","templated":true}]}}