{"id":38693,"date":"2017-06-26T16:01:23","date_gmt":"2017-06-26T21:01:23","guid":{"rendered":"https:\/\/radiowebmx.com\/nota\/?p=38693"},"modified":"2017-06-27T11:33:50","modified_gmt":"2017-06-27T16:33:50","slug":"ayuntamiento-de-morelia-invita-a-transportistas-a-sumarse-al-programa-de-conversion-de-vehiculos-a-uso-de-gas-natural","status":"publish","type":"post","link":"https:\/\/radiowebmx.com\/nota\/ayuntamiento-de-morelia-invita-a-transportistas-a-sumarse-al-programa-de-conversion-de-vehiculos-a-uso-de-gas-natural\/","title":{"rendered":"Ayuntamiento de Morelia invita a transportistas a sumarse al Programa de Conversi\u00f3n de Veh\u00edculos a uso de Gas Natural"},"content":{"rendered":"<p>Con la firme convicci\u00f3n de avanzar de manera significativa en la consolidaci\u00f3n de un municipio m\u00e1s sustentable, el Ayuntamiento capitalino que encabeza el Alcalde, Alfonso Mart\u00ednez Alc\u00e1zar, a trav\u00e9s de la Secretar\u00eda de Desarrollo Metropolitano, contin\u00faa con la recepci\u00f3n de solicitudes para el Programa de Conversi\u00f3n de Veh\u00edculos de Transporte P\u00fablico para el Uso de Gas Natural como combustible en Morelia, primera etapa, cuya meta es que mil 400 unidades se sumen a esta iniciativa.<\/p>\n<p><a href=\"https:\/\/radiowebmx.com\/nota\/wp-content\/uploads\/2017\/06\/bfe2b2ea-32c8-4aeb-af0e-388255f423f7-e1498581144559.jpeg\"><img loading=\"lazy\" decoding=\"async\" class=\"alignnone wp-image-38694 \" src=\"https:\/\/radiowebmx.com\/nota\/wp-content\/uploads\/2017\/06\/bfe2b2ea-32c8-4aeb-af0e-388255f423f7-e1498581144559-595x595.jpeg\" alt=\"\" width=\"466\" height=\"466\" srcset=\"https:\/\/radiowebmx.com\/nota\/wp-content\/uploads\/2017\/06\/bfe2b2ea-32c8-4aeb-af0e-388255f423f7-e1498581144559-595x595.jpeg 595w, https:\/\/radiowebmx.com\/nota\/wp-content\/uploads\/2017\/06\/bfe2b2ea-32c8-4aeb-af0e-388255f423f7-e1498581144559-400x400.jpeg 400w, https:\/\/radiowebmx.com\/nota\/wp-content\/uploads\/2017\/06\/bfe2b2ea-32c8-4aeb-af0e-388255f423f7-e1498581144559-120x120.jpeg 120w, https:\/\/radiowebmx.com\/nota\/wp-content\/uploads\/2017\/06\/bfe2b2ea-32c8-4aeb-af0e-388255f423f7-e1498581144559.jpeg 600w\" sizes=\"auto, (max-width: 466px) 100vw, 466px\" \/><\/a><\/p>\n<p>El Director de Medio Ambiente y Sustentabilidad, Marco Tulio Campos Vargas, invit\u00f3 a los trabajadores del volante a acercarse a esta instancia municipal para hacer la conversi\u00f3n pertinente y con ello abonar en la disminuci\u00f3n de gases contaminantes en la ciudad.<\/p>\n<p>Record\u00f3 que gracias a las gestiones realizadas ante la Federaci\u00f3n, la capital michoacana result\u00f3 ser uno de los municipios m\u00e1s beneficiados a nivel nacional con este programa, toda vez que se destinan 60 millones de pesos en este rubro, de ah\u00ed \u201cla importancia de que los propietarios de las diferentes modalidades del transporte p\u00fablico aprovechen esta oportunidad que tambi\u00e9n les traer\u00e1 grandes beneficios\u201d.<\/p>\n<p>En este tenor, Campos Vargas, hizo \u00e9nfasis en que a trav\u00e9s del consumo de gas natural, los transportistas podr\u00e1n reducir hasta en un 50 por ciento el recurso destinado a este rubro; esto, sin dejar de lado que se reducir\u00e1n de manera significativa los contaminantes al medio ambiente, lo cual es parte de las pol\u00edticas que impulsa el Alcalde, Alfonso Mart\u00ednez, de consolidar a Morelia como un municipio sustentable.<\/p>\n<p>Asimismo, a\u00f1adi\u00f3 que mediante este programa, los propietarios de los veh\u00edculos obtendr\u00e1n un subsidio de hasta el 75 por ciento para la instalaci\u00f3n del equipo convertidor para uso de gas natural comprimido como combustible.<\/p>\n<p>El funcionario municipal, destac\u00f3 adem\u00e1s que con este proyecto que impulsa la autoridad municipal en coordinaci\u00f3n con la Secretar\u00eda de Medio Ambiente, Recursos Naturales y Cambio Clim\u00e1tico (SEMARNACC), se dar\u00e1 cumplimiento a las normas oficiales mexicanas vigentes en materia de calidad del aire, que tienen como objetivo proteger la salud de la poblaci\u00f3n.<\/p>\n<p>Finalmente, hizo hincapi\u00e9 en el inter\u00e9s de la actual Administraci\u00f3n por lograr una Morelia m\u00e1s sustentable, al tiempo que refiri\u00f3 que para ello resulta elemental la colaboraci\u00f3n de todos los sectores de la sociedad.<\/p>\n","protected":false},"excerpt":{"rendered":"<p>Con la firme convicci\u00f3n de avanzar de manera significativa en la consolidaci\u00f3n de un municipio m\u00e1s sustentable, el Ayuntamiento capitalino que encabeza el Alcalde, Alfonso Mart\u00ednez Alc\u00e1zar, a trav\u00e9s de la Secretar\u00eda de Desarrollo Metropolitano, contin\u00faa con la recepci\u00f3n de solicitudes para el Programa de Conversi\u00f3n de Veh\u00edculos de Transporte P\u00fablico para el Uso de [&hellip;]<\/p>\n","protected":false},"author":2,"featured_media":38694,"comment_status":"closed","ping_status":"closed","sticky":false,"template":"","format":"standard","meta":{"footnotes":""},"categories":[14,60,9],"tags":[],"class_list":["post-38693","post","type-post","status-publish","format-standard","has-post-thumbnail","hentry","category-destacadas","category-michoacan","category-morelia"],"_links":{"self":[{"href":"https:\/\/radiowebmx.com\/nota\/wp-json\/wp\/v2\/posts\/38693","targetHints":{"allow":["GET"]}}],"collection":[{"href":"https:\/\/radiowebmx.com\/nota\/wp-json\/wp\/v2\/posts"}],"about":[{"href":"https:\/\/radiowebmx.com\/nota\/wp-json\/wp\/v2\/types\/post"}],"author":[{"embeddable":true,"href":"https:\/\/radiowebmx.com\/nota\/wp-json\/wp\/v2\/users\/2"}],"replies":[{"embeddable":true,"href":"https:\/\/radiowebmx.com\/nota\/wp-json\/wp\/v2\/comments?post=38693"}],"version-history":[{"count":6,"href":"https:\/\/radiowebmx.com\/nota\/wp-json\/wp\/v2\/posts\/38693\/revisions"}],"predecessor-version":[{"id":38710,"href":"https:\/\/radiowebmx.com\/nota\/wp-json\/wp\/v2\/posts\/38693\/revisions\/38710"}],"wp:featuredmedia":[{"embeddable":true,"href":"https:\/\/radiowebmx.com\/nota\/wp-json\/wp\/v2\/media\/38694"}],"wp:attachment":[{"href":"https:\/\/radiowebmx.com\/nota\/wp-json\/wp\/v2\/media?parent=38693"}],"wp:term":[{"taxonomy":"category","embeddable":true,"href":"https:\/\/radiowebmx.com\/nota\/wp-json\/wp\/v2\/categories?post=38693"},{"taxonomy":"post_tag","embeddable":true,"href":"https:\/\/radiowebmx.com\/nota\/wp-json\/wp\/v2\/tags?post=38693"}],"curies":[{"name":"wp","href":"https:\/\/api.w.org\/{rel}","templated":true}]}}