{"id":38688,"date":"2017-06-26T15:52:32","date_gmt":"2017-06-26T20:52:32","guid":{"rendered":"https:\/\/radiowebmx.com\/nota\/?p=38688"},"modified":"2017-06-27T11:16:41","modified_gmt":"2017-06-27T16:16:41","slug":"telebachillerato-y-see-por-fortalecer-la-educacion-media-superior","status":"publish","type":"post","link":"https:\/\/radiowebmx.com\/nota\/telebachillerato-y-see-por-fortalecer-la-educacion-media-superior\/","title":{"rendered":"Telebachillerato y SEE, por fortalecer la educaci\u00f3n media superior"},"content":{"rendered":"<p><strong>Morelia, Michoac\u00e1n, a 26 de junio de 2017.-<\/strong>\u00a0El titular de la Secretar\u00eda de Educaci\u00f3n en el Estado (SEE), Alberto Frutis Sol\u00eds, y el director general del Telebachillerato Michoac\u00e1n, Juan Carlos Barrag\u00e1n V\u00e9lez, acordaron redoblar esfuerzos para trabajar de manera coordinada en la mejora y fortalecimiento del subsistema.<br \/>\n<a href=\"https:\/\/radiowebmx.com\/nota\/wp-content\/uploads\/2017\/06\/f1c112e6-39a6-4617-a9ee-5f2fec8fee2e.jpg\"><img loading=\"lazy\" decoding=\"async\" class=\"alignnone size-medium wp-image-38691\" src=\"https:\/\/radiowebmx.com\/nota\/wp-content\/uploads\/2017\/06\/f1c112e6-39a6-4617-a9ee-5f2fec8fee2e-595x538.jpg\" alt=\"\" width=\"595\" height=\"538\" srcset=\"https:\/\/radiowebmx.com\/nota\/wp-content\/uploads\/2017\/06\/f1c112e6-39a6-4617-a9ee-5f2fec8fee2e-595x538.jpg 595w, https:\/\/radiowebmx.com\/nota\/wp-content\/uploads\/2017\/06\/f1c112e6-39a6-4617-a9ee-5f2fec8fee2e.jpg 709w\" sizes=\"auto, (max-width: 595px) 100vw, 595px\" \/><\/a><br \/>\nTras realizar un recorrido por las oficinas del Telebachillerato, donde el titular de la SEE, acompa\u00f1ado del director general, tuvo oportunidad de conocer y platicar con el personal de cada \u00e1rea, ambos refrendaron el compromiso del Gobernador Silvano Aureoles Conejo para que el sector educativo cuente con lo necesario y se garantice una formaci\u00f3n de calidad a las y los michoacanos.<\/p>\n<p>Reunidos en la Direcci\u00f3n General del subsistema, Barrag\u00e1n V\u00e9lez le explic\u00f3 al titular de la SEE que si bien la instituci\u00f3n a su cargo ha crecido los \u00faltimos siete a\u00f1os en la cobertura de alumnos de educaci\u00f3n media de las comunidades ind\u00edgenas y marginadas del estado, en los 182 planteles hay necesidades de infraestructura y equipamiento que deben ser atendidas.<\/p>\n<p>Record\u00f3 que son casi 10 mil los alumnos matriculados y m\u00e1s de 2 mil 300 que est\u00e1n por egresar este periodo escolar, por lo que es importante coordinar acciones que permitan el crecimiento y desarrollo integral de quienes laboran y estudian en las aulas del subsistema.<\/p>\n<p>\u201cHoy somos una instituci\u00f3n que trabaja con resultados porque as\u00ed lo solicit\u00f3 el Gobernador, y para continuar por ese camino se gestionan recursos para construir m\u00e1s aulas y servicios en los centros, se capacita peri\u00f3dicamente a los docentes y se tiene una excelente relaci\u00f3n con el sindicato\u201d, con el cual \u2013adelant\u00f3- se tiene previsto firmar el contrato colectivo de trabajo esta misma semana.<\/p>\n<p>Por su parte, Frutis Sol\u00eds asegur\u00f3 que facilitar\u00e1 los medios para que sean atendidas las necesidades que reporte este subsistema.<\/p>\n<p>\u201cEs a trav\u00e9s de la planeaci\u00f3n, el financiamiento y el trabajo como podemos coadyuvar en el desarrollo del subsistema, por lo que haremos lo propio en la SEE. En equipo haremos crecer el Telebachillerato\u201d, afirm\u00f3 el secretario\u201d.<\/p>\n<p><strong>Entregan constancias e integran Cuerpo de Academias Estatales\u00a0<\/strong><\/p>\n<p>Una vez concluida la reuni\u00f3n, las autoridades entregaron constancias de certificaci\u00f3n en Competencias Docentes para la Educaci\u00f3n Media Superior y presentaron a los nuevos integrantes del Cuerpo de Academias Estatales.<\/p>\n<p>El subdirector Acad\u00e9mico del Telebachillerato, Ismael Gonz\u00e1lez Torres, inform\u00f3 que el objetivo de integrar el cuerpo de academias es para trabajar nuevas estrategias educativas acordes a las necesidades acad\u00e9micas de la instituci\u00f3n.<\/p>\n<p>Indic\u00f3 que para ello sus integrantes conformar\u00e1n equipos de profesores en las zonas del Telebachillerato para as\u00ed coordinar acciones que coadyuven en el trabajo y desempe\u00f1o de los docentes en las aulas.<\/p>\n<p>Finalmente, las autoridades firmaron el calendario escolar del Telebachillerato de Michoac\u00e1n correspondiente al ciclo escolar 2017-2018.<\/p>\n","protected":false},"excerpt":{"rendered":"<p>Morelia, Michoac\u00e1n, a 26 de junio de 2017.-\u00a0El titular de la Secretar\u00eda de Educaci\u00f3n en el Estado (SEE), Alberto Frutis Sol\u00eds, y el director general del Telebachillerato Michoac\u00e1n, Juan Carlos Barrag\u00e1n V\u00e9lez, acordaron redoblar esfuerzos para trabajar de manera coordinada en la mejora y fortalecimiento del subsistema. Tras realizar un recorrido por las oficinas del [&hellip;]<\/p>\n","protected":false},"author":2,"featured_media":38689,"comment_status":"closed","ping_status":"closed","sticky":false,"template":"","format":"standard","meta":{"footnotes":""},"categories":[14,3,60],"tags":[],"class_list":["post-38688","post","type-post","status-publish","format-standard","has-post-thumbnail","hentry","category-destacadas","category-gobierno-del-estado-de-michoacan","category-michoacan"],"_links":{"self":[{"href":"https:\/\/radiowebmx.com\/nota\/wp-json\/wp\/v2\/posts\/38688","targetHints":{"allow":["GET"]}}],"collection":[{"href":"https:\/\/radiowebmx.com\/nota\/wp-json\/wp\/v2\/posts"}],"about":[{"href":"https:\/\/radiowebmx.com\/nota\/wp-json\/wp\/v2\/types\/post"}],"author":[{"embeddable":true,"href":"https:\/\/radiowebmx.com\/nota\/wp-json\/wp\/v2\/users\/2"}],"replies":[{"embeddable":true,"href":"https:\/\/radiowebmx.com\/nota\/wp-json\/wp\/v2\/comments?post=38688"}],"version-history":[{"count":1,"href":"https:\/\/radiowebmx.com\/nota\/wp-json\/wp\/v2\/posts\/38688\/revisions"}],"predecessor-version":[{"id":38692,"href":"https:\/\/radiowebmx.com\/nota\/wp-json\/wp\/v2\/posts\/38688\/revisions\/38692"}],"wp:featuredmedia":[{"embeddable":true,"href":"https:\/\/radiowebmx.com\/nota\/wp-json\/wp\/v2\/media\/38689"}],"wp:attachment":[{"href":"https:\/\/radiowebmx.com\/nota\/wp-json\/wp\/v2\/media?parent=38688"}],"wp:term":[{"taxonomy":"category","embeddable":true,"href":"https:\/\/radiowebmx.com\/nota\/wp-json\/wp\/v2\/categories?post=38688"},{"taxonomy":"post_tag","embeddable":true,"href":"https:\/\/radiowebmx.com\/nota\/wp-json\/wp\/v2\/tags?post=38688"}],"curies":[{"name":"wp","href":"https:\/\/api.w.org\/{rel}","templated":true}]}}