{"id":38682,"date":"2017-06-26T15:53:19","date_gmt":"2017-06-26T20:53:19","guid":{"rendered":"https:\/\/radiowebmx.com\/nota\/?p=38682"},"modified":"2017-06-27T11:25:49","modified_gmt":"2017-06-27T16:25:49","slug":"fortalecen-en-michoacan-procuracion-de-justicia-ambiental-a-nivel-nacional","status":"publish","type":"post","link":"https:\/\/radiowebmx.com\/nota\/fortalecen-en-michoacan-procuracion-de-justicia-ambiental-a-nivel-nacional\/","title":{"rendered":"Fortalecen en Michoac\u00e1n procuraci\u00f3n de justicia ambiental a nivel nacional"},"content":{"rendered":"<ul>\n<li>Fue inaugurado el \u201cCurso de Formaci\u00f3n B\u00e1sica para Personal Adscrito a las Procuradur\u00edas Ambientales en las Entidades Federativas\u201d, al que asisten servidores p\u00fablicos de seis estados de la Rep\u00fablica.<\/li>\n<\/ul>\n<p><a href=\"https:\/\/radiowebmx.com\/nota\/wp-content\/uploads\/2017\/06\/b621cbbb-b13f-4fb1-812e-6984eb1990b5-595x446.jpg\"><img loading=\"lazy\" decoding=\"async\" class=\"size-full wp-image-38696 aligncenter\" src=\"https:\/\/radiowebmx.com\/nota\/wp-content\/uploads\/2017\/06\/b621cbbb-b13f-4fb1-812e-6984eb1990b5-595x446.jpg\" alt=\"\" width=\"307\" height=\"307\" srcset=\"https:\/\/radiowebmx.com\/nota\/wp-content\/uploads\/2017\/06\/b621cbbb-b13f-4fb1-812e-6984eb1990b5-595x446.jpg 307w, https:\/\/radiowebmx.com\/nota\/wp-content\/uploads\/2017\/06\/b621cbbb-b13f-4fb1-812e-6984eb1990b5-595x446-120x120.jpg 120w\" sizes=\"auto, (max-width: 307px) 100vw, 307px\" \/><\/a><\/p>\n<p><strong>Morelia, Michoac\u00e1n, a 26 de junio de 2017.-<\/strong> Con el objetivo de fortalecer el desempe\u00f1o de las actividades, fundamentalmente de los inspectores y del personal que labora en las \u00e1reas de procuraci\u00f3n de justicia ambiental, este lunes fue inaugurado el &#8220;Curso de Formaci\u00f3n B\u00e1sica para Personal Adscrito a las Procuradur\u00edas Ambientales en las Entidades Federativas&#8221;.<\/p>\n<p>A decir del titular de la Procuradur\u00eda de Protecci\u00f3n al Ambiente (ProAm), Juan Carlos Vega Sol\u00f3rzano, este segundo ejercicio acad\u00e9mico-administrativo, auspiciado por el Servicio de Vida Silvestre de los Estados Unidos de Am\u00e9rica y dise\u00f1ado por el Centro de Estudios Jur\u00eddicos y Ambientales A. C., abordar\u00e1 los principales problemas causantes del deterioro ambiental, como afectaciones a la calidad del aire por fuentes fijas y m\u00f3viles, tala clandestina, incendios forestales y, sobre todo, cambio de uso de suelo para uso agropecuario de manera ilegal, abatiendo la generaci\u00f3n de suelo y la captaci\u00f3n de agua hacia los mantos fre\u00e1ticos, afectando conservaci\u00f3n de flora y fauna silvestre al alterar y desaparecer sus h\u00e1bitats.<\/p>\n<p>Indic\u00f3 que si bien la atenci\u00f3n a problem\u00e1ticas forestales y de vida silvestre es competencia federal, la ProAm ha sido habilitada a trav\u00e9s de convenios con la Comisi\u00f3n Forestal del Estado de Michoac\u00e1n y la Procuradur\u00eda Federal de Protecci\u00f3n al Ambiente para actuar coordinadamente en operativos de tala clandestina y de recuperaci\u00f3n de predios irregulares\u00a0 ilegales.<\/p>\n<p>&#8220;En Michoac\u00e1n la procuraci\u00f3n de justicia ambiental busca salvaguardar el equilibrio en la Protecci\u00f3n al ambiente entre el\u00a0 inter\u00e9s p\u00fablico general\u00a0 y el desarrollo econ\u00f3mico particular&#8221;, enfatiz\u00f3.<\/p>\n<p>A decir del director general del Centro de Estudios Jur\u00eddicos y Ambientales, Salvador Mu\u00f1\u00fazuri Hern\u00e1ndez, el enfoque de este curso ser\u00e1 de temas de vida silvestre, no obstante se podr\u00e1n dilucidar otras cuestiones de car\u00e1cter ambiental, como el marco jur\u00eddico y atribuciones de la actuaci\u00f3n de las procuradur\u00edas ambientales estatales, atribuciones en materia de recursos naturales, suelo de conservaci\u00f3n y \u00e1reas naturales protegidas de competencia local, atribuciones en materia jur\u00eddica y acto de autoridad y responsabilidad ambiental e investigaci\u00f3n y persecuci\u00f3n de delitos, que ser\u00e1n impartidas por reconocidas personalidades en la material como Diana Ponce; Marco Antonio Esquivel; Fernando Montes de Oca, entre otros.<\/p>\n<p>Destac\u00f3 la importancia de la coordinaci\u00f3n con la federaci\u00f3n, toda vez que existen facultades que se pueden bajar a los estados y a su vez a los municipios\u00a0 a trav\u00e9s de mecanismos de colaboraci\u00f3n.<\/p>\n<p>&#8220;Es muy importante que haya esa coordinaci\u00f3n con la autoridad federal para que cabalmente la autoridad local pueda cumplir con sus funciones&#8221;, asever\u00f3.<\/p>\n<p>Al evento asistieron 75 participantes provenientes de Michoac\u00e1n, Nayarit, Jalisco, Aguascalientes, Sonora y Coahuila.<\/p>\n<p>Asimismo se cont\u00f3 con la presencia y declaratoria inaugural del delegado de la Secretar\u00eda de Medio Ambiente y Recursos Naturales, Mauro Ram\u00f3n Ballesteros Figueroa; el secretario de Medio Ambiente, Recursos Naturales y Cambio Clim\u00e1tico, Ricardo Luna Garc\u00eda; y el director general del Parque Zool\u00f3gico de Morelia &#8220;Benito Ju\u00e1rez&#8221;, Josu\u00e9 Rangel D\u00edaz.<\/p>\n<p>&nbsp;<\/p>\n","protected":false},"excerpt":{"rendered":"<p>Fue inaugurado el \u201cCurso de Formaci\u00f3n B\u00e1sica para Personal Adscrito a las Procuradur\u00edas Ambientales en las Entidades Federativas\u201d, al que asisten servidores p\u00fablicos de seis estados de la Rep\u00fablica. Morelia, Michoac\u00e1n, a 26 de junio de 2017.- Con el objetivo de fortalecer el desempe\u00f1o de las actividades, fundamentalmente de los inspectores y del personal que [&hellip;]<\/p>\n","protected":false},"author":2,"featured_media":38683,"comment_status":"closed","ping_status":"closed","sticky":false,"template":"","format":"standard","meta":{"footnotes":""},"categories":[3,60],"tags":[],"class_list":["post-38682","post","type-post","status-publish","format-standard","has-post-thumbnail","hentry","category-gobierno-del-estado-de-michoacan","category-michoacan"],"_links":{"self":[{"href":"https:\/\/radiowebmx.com\/nota\/wp-json\/wp\/v2\/posts\/38682","targetHints":{"allow":["GET"]}}],"collection":[{"href":"https:\/\/radiowebmx.com\/nota\/wp-json\/wp\/v2\/posts"}],"about":[{"href":"https:\/\/radiowebmx.com\/nota\/wp-json\/wp\/v2\/types\/post"}],"author":[{"embeddable":true,"href":"https:\/\/radiowebmx.com\/nota\/wp-json\/wp\/v2\/users\/2"}],"replies":[{"embeddable":true,"href":"https:\/\/radiowebmx.com\/nota\/wp-json\/wp\/v2\/comments?post=38682"}],"version-history":[{"count":10,"href":"https:\/\/radiowebmx.com\/nota\/wp-json\/wp\/v2\/posts\/38682\/revisions"}],"predecessor-version":[{"id":38704,"href":"https:\/\/radiowebmx.com\/nota\/wp-json\/wp\/v2\/posts\/38682\/revisions\/38704"}],"wp:featuredmedia":[{"embeddable":true,"href":"https:\/\/radiowebmx.com\/nota\/wp-json\/wp\/v2\/media\/38683"}],"wp:attachment":[{"href":"https:\/\/radiowebmx.com\/nota\/wp-json\/wp\/v2\/media?parent=38682"}],"wp:term":[{"taxonomy":"category","embeddable":true,"href":"https:\/\/radiowebmx.com\/nota\/wp-json\/wp\/v2\/categories?post=38682"},{"taxonomy":"post_tag","embeddable":true,"href":"https:\/\/radiowebmx.com\/nota\/wp-json\/wp\/v2\/tags?post=38682"}],"curies":[{"name":"wp","href":"https:\/\/api.w.org\/{rel}","templated":true}]}}