{"id":38673,"date":"2017-06-26T15:25:17","date_gmt":"2017-06-26T20:25:17","guid":{"rendered":"https:\/\/radiowebmx.com\/nota\/?p=38673"},"modified":"2017-06-27T10:42:16","modified_gmt":"2017-06-27T15:42:16","slug":"consejo-general-selecciona-terna-de-propuestas-para-presea-amalia-solorzano-bravo-2017","status":"publish","type":"post","link":"https:\/\/radiowebmx.com\/nota\/consejo-general-selecciona-terna-de-propuestas-para-presea-amalia-solorzano-bravo-2017\/","title":{"rendered":"Consejo General selecciona terna de propuestas para Presea \u201cAmalia Sol\u00f3rzano Bravo 2017\u201d"},"content":{"rendered":"<table class=\"x_mcnTextBlock\" border=\"0\" width=\"100%\" cellspacing=\"0\" cellpadding=\"0\">\n<tbody class=\"x_mcnTextBlockOuter\">\n<tr>\n<td class=\"x_mcnTextBlockInner\" valign=\"top\">\n<table class=\"x_mcnTextContentContainer\" border=\"0\" width=\"100%\" cellspacing=\"0\" cellpadding=\"0\" align=\"left\">\n<tbody>\n<tr>\n<td class=\"x_mcnTextContent\" valign=\"top\">\n<ul>\n<li>En sesi\u00f3n solemne de Cabildo el pr\u00f3ximo 10 de julio se entregar\u00e1 este galard\u00f3n.<\/li>\n<\/ul>\n<ul>\n<li>Fueron 6 propuestas de personas e instituciones las que revis\u00f3 el Consejo General de la Condecoraci\u00f3n de la Presea Amalia Sol\u00f3rzano.<\/li>\n<\/ul>\n<p><a href=\"https:\/\/radiowebmx.com\/nota\/wp-content\/uploads\/2017\/06\/706691b7-69b3-4a60-b317-9fddf755b36c.jpeg\"><img loading=\"lazy\" decoding=\"async\" class=\"alignnone size-medium wp-image-38674\" src=\"https:\/\/radiowebmx.com\/nota\/wp-content\/uploads\/2017\/06\/706691b7-69b3-4a60-b317-9fddf755b36c-595x396.jpeg\" alt=\"\" width=\"595\" height=\"396\" srcset=\"https:\/\/radiowebmx.com\/nota\/wp-content\/uploads\/2017\/06\/706691b7-69b3-4a60-b317-9fddf755b36c-595x396.jpeg 595w, https:\/\/radiowebmx.com\/nota\/wp-content\/uploads\/2017\/06\/706691b7-69b3-4a60-b317-9fddf755b36c-272x182.jpeg 272w, https:\/\/radiowebmx.com\/nota\/wp-content\/uploads\/2017\/06\/706691b7-69b3-4a60-b317-9fddf755b36c.jpeg 709w\" sizes=\"auto, (max-width: 595px) 100vw, 595px\" \/><\/a><\/p>\n<div>Morelia, Mich., a 26 de junio de 2017<br \/>\nBOLET\u00cdN. 1044\/2017<\/div>\n<div>En sesi\u00f3n del Consejo General de la Condecoraci\u00f3n de la Presea \u201cAmalia Sol\u00f3rzano Bravo 2017\u201d, la cual encabeza el Alcalde, Alfonso Mart\u00ednez Alc\u00e1zar, se eligi\u00f3 la terna de las ciudadanas e instituciones p\u00fablicas que acreditaron el trabajo en beneficio de la sociedad.<\/p>\n<p>Fue por votaci\u00f3n mayoritaria que se eligi\u00f3 a Hogar Emaus I.A.P., la ciudadana Martha Elvira Aguilar Cipr\u00e9s y la Doctora, Isabel Israde Alc\u00e1ntara para conformar estos tres posibles recipiendarios de la condecoraci\u00f3n por su trabajo en beneficio a la poblaci\u00f3n de este municipio.<\/p>\n<p>La Secretar\u00eda T\u00e9cnica de este Consejo y Directora del Instituto de la Mujer Moreliana (IMUMO), Mar\u00eda Eugenia Romero Olvera, comparti\u00f3 una semblanza de los candidatos para elegir y poder recibir tan importante distinci\u00f3n por contar con los m\u00e9ritos necesarios.<\/p>\n<p>La Doctora, Isabel Israde Alc\u00e1ntara, destacada en el \u00e1mbito cient\u00edfico, investigadora titular C del Instituto de Investigaciones Cient\u00edficas de la Tierra de la Universidad Michoacana de San Nicol\u00e1s de Hidalgo, fue propuesta por dicha instituci\u00f3n acad\u00e9mica, en donde adem\u00e1s fue fundadora de la Maestr\u00eda en Geociencias y Planificaci\u00f3n del Territorio, obtuvo el grado de consolidaci\u00f3n en el Conacyt.<\/p>\n<p>La ciudadana, Martha Elvira Aguilar Cipr\u00e9s, destaca en el \u00e1mbito social como consejera en el Centro de Ayuda a la Mujer y miembro de la Pastoral Social del Albergue de Ni\u00f1os y Ni\u00f1as de la Calle; propuesta por la Parroquia de la Resurrecci\u00f3n, Templo de la Cruz, entre otras voces, adem\u00e1s ha colaborado en varios proyectos altruistas como maestra en diferentes oficios, fundadora de un albergue de ni\u00f1as y ni\u00f1os de la calle.<\/p>\n<p>Hogar Emaus I.A.P., apoya a la mujer y es propuesta por la Fundaci\u00f3n del Doctor Simi, brinda al sector femenino hospedaje y alimentaci\u00f3n para que puedan complementar sus tratamientos de salud en la ciudad y reincorporarse a sus actividades en el menor tiempo posible.<\/p>\n<p>De esta forma, acompa\u00f1ada por los Regidores, Alma Rosa Bahena Villalobos, F\u00e9lix Madrigal Pulido, Adela Alejandre Flores, Salvador Arvizu Cisneros; el Abogado General del Ayuntamiento, Eduardo S\u00e1nchez C\u00e1rdenas; la Directora del DIF Municipal, Melissa V\u00e1squez P\u00e9rez y comunicadores, Romero Olvera agradeci\u00f3 el trabajo de este Consejo para\u00a0 la entrega de esta presea.<\/p>\n<p>En Sesi\u00f3n de Cabildo, el cuerpo colegiado escoger\u00e1 a la o los recipiendarios, para posteriormente en Sesi\u00f3n Solmene entregar este galard\u00f3n.<\/p><\/div>\n<\/td>\n<\/tr>\n<\/tbody>\n<\/table>\n<\/td>\n<\/tr>\n<\/tbody>\n<\/table>\n<table class=\"x_mcnTextBlock\" border=\"0\" width=\"100%\" cellspacing=\"0\" cellpadding=\"0\">\n<tbody class=\"x_mcnTextBlockOuter\">\n<tr>\n<td class=\"x_mcnTextBlockInner\" valign=\"top\"><\/td>\n<\/tr>\n<\/tbody>\n<\/table>\n","protected":false},"excerpt":{"rendered":"<p>En sesi\u00f3n solemne de Cabildo el pr\u00f3ximo 10 de julio se entregar\u00e1 este galard\u00f3n. Fueron 6 propuestas de personas e instituciones las que revis\u00f3 el Consejo General de la Condecoraci\u00f3n de la Presea Amalia Sol\u00f3rzano. Morelia, Mich., a 26 de junio de 2017 BOLET\u00cdN. 1044\/2017 En sesi\u00f3n del Consejo General de la Condecoraci\u00f3n de la [&hellip;]<\/p>\n","protected":false},"author":2,"featured_media":38674,"comment_status":"closed","ping_status":"closed","sticky":false,"template":"","format":"standard","meta":{"footnotes":""},"categories":[14,60,9],"tags":[],"class_list":["post-38673","post","type-post","status-publish","format-standard","has-post-thumbnail","hentry","category-destacadas","category-michoacan","category-morelia"],"_links":{"self":[{"href":"https:\/\/radiowebmx.com\/nota\/wp-json\/wp\/v2\/posts\/38673","targetHints":{"allow":["GET"]}}],"collection":[{"href":"https:\/\/radiowebmx.com\/nota\/wp-json\/wp\/v2\/posts"}],"about":[{"href":"https:\/\/radiowebmx.com\/nota\/wp-json\/wp\/v2\/types\/post"}],"author":[{"embeddable":true,"href":"https:\/\/radiowebmx.com\/nota\/wp-json\/wp\/v2\/users\/2"}],"replies":[{"embeddable":true,"href":"https:\/\/radiowebmx.com\/nota\/wp-json\/wp\/v2\/comments?post=38673"}],"version-history":[{"count":1,"href":"https:\/\/radiowebmx.com\/nota\/wp-json\/wp\/v2\/posts\/38673\/revisions"}],"predecessor-version":[{"id":38675,"href":"https:\/\/radiowebmx.com\/nota\/wp-json\/wp\/v2\/posts\/38673\/revisions\/38675"}],"wp:featuredmedia":[{"embeddable":true,"href":"https:\/\/radiowebmx.com\/nota\/wp-json\/wp\/v2\/media\/38674"}],"wp:attachment":[{"href":"https:\/\/radiowebmx.com\/nota\/wp-json\/wp\/v2\/media?parent=38673"}],"wp:term":[{"taxonomy":"category","embeddable":true,"href":"https:\/\/radiowebmx.com\/nota\/wp-json\/wp\/v2\/categories?post=38673"},{"taxonomy":"post_tag","embeddable":true,"href":"https:\/\/radiowebmx.com\/nota\/wp-json\/wp\/v2\/tags?post=38673"}],"curies":[{"name":"wp","href":"https:\/\/api.w.org\/{rel}","templated":true}]}}