{"id":38657,"date":"2017-06-26T14:25:49","date_gmt":"2017-06-26T19:25:49","guid":{"rendered":"https:\/\/radiowebmx.com\/nota\/?p=38657"},"modified":"2017-06-26T14:32:28","modified_gmt":"2017-06-26T19:32:28","slug":"cobaem-trabaja-por-una-cultura-de-paz-a-favor-de-las-mujeres","status":"publish","type":"post","link":"https:\/\/radiowebmx.com\/nota\/cobaem-trabaja-por-una-cultura-de-paz-a-favor-de-las-mujeres\/","title":{"rendered":"Cobaem trabaja por una cultura de paz a favor de las mujeres"},"content":{"rendered":"<p><strong>Morelia, Michoac\u00e1n, a 26 de junio de 2017.-<\/strong> Uno de los \u00e1mbitos de acci\u00f3n del programa Cultura de Paz del Cobaem es garantizar la igualdad entre mujeres y hombres, por lo que es necesario que a trav\u00e9s de la educaci\u00f3n se promueva el desarrollo humano, social y econ\u00f3mico, velar por la difusi\u00f3n de valores, actitudes, comportamientos y estilos de vida, as\u00ed como rescatar la dignidad humana, la tolerancia y la no discriminaci\u00f3n, buscando la equidad e igualdad, destac\u00f3 el director general del subsistema Alejandro Bustos Aguilar.<br \/>\n<a href=\"https:\/\/radiowebmx.com\/nota\/wp-content\/uploads\/2017\/06\/6217a06a-72d2-42dd-883d-a5442f7d3be5.jpeg\"><img loading=\"lazy\" decoding=\"async\" class=\"alignnone size-medium wp-image-38658\" src=\"https:\/\/radiowebmx.com\/nota\/wp-content\/uploads\/2017\/06\/6217a06a-72d2-42dd-883d-a5442f7d3be5-595x334.jpeg\" alt=\"\" width=\"595\" height=\"334\" srcset=\"https:\/\/radiowebmx.com\/nota\/wp-content\/uploads\/2017\/06\/6217a06a-72d2-42dd-883d-a5442f7d3be5-595x334.jpeg 595w, https:\/\/radiowebmx.com\/nota\/wp-content\/uploads\/2017\/06\/6217a06a-72d2-42dd-883d-a5442f7d3be5.jpeg 709w\" sizes=\"auto, (max-width: 595px) 100vw, 595px\" \/><\/a><br \/>\nPor ello, el plantel Tingambato del Colegio de Bachilleres del Estado de Michoac\u00e1n (Cobaem) dio la bienvenida al director de Capacitaci\u00f3n de la Comisi\u00f3n Estatal de los Derechos Humanos (CEDH),\u00a0Gerardo Andr\u00e9s\u00a0Herrera\u00a0P\u00e9rez, quien dict\u00f3 una conferencia sobre cultura de la paz ante m\u00e1s de 345 estudiantes, 39 docentes y trabajadores administrativos.<\/p>\n<p>Adem\u00e1s, fue impartido el \u201cTaller de la Red de Derechos Humanos&#8221; , dirigido a las y los estudiantes \u00a0que conforman la Red Estatal de J\u00f3venes Promotores y Divulgadores de los Derechos Humanos del Cobaem.<\/p>\n","protected":false},"excerpt":{"rendered":"<p>Morelia, Michoac\u00e1n, a 26 de junio de 2017.- Uno de los \u00e1mbitos de acci\u00f3n del programa Cultura de Paz del Cobaem es garantizar la igualdad entre mujeres y hombres, por lo que es necesario que a trav\u00e9s de la educaci\u00f3n se promueva el desarrollo humano, social y econ\u00f3mico, velar por la difusi\u00f3n de valores, actitudes, [&hellip;]<\/p>\n","protected":false},"author":2,"featured_media":38658,"comment_status":"closed","ping_status":"closed","sticky":false,"template":"","format":"standard","meta":{"footnotes":""},"categories":[14,3,60],"tags":[],"class_list":["post-38657","post","type-post","status-publish","format-standard","has-post-thumbnail","hentry","category-destacadas","category-gobierno-del-estado-de-michoacan","category-michoacan"],"_links":{"self":[{"href":"https:\/\/radiowebmx.com\/nota\/wp-json\/wp\/v2\/posts\/38657","targetHints":{"allow":["GET"]}}],"collection":[{"href":"https:\/\/radiowebmx.com\/nota\/wp-json\/wp\/v2\/posts"}],"about":[{"href":"https:\/\/radiowebmx.com\/nota\/wp-json\/wp\/v2\/types\/post"}],"author":[{"embeddable":true,"href":"https:\/\/radiowebmx.com\/nota\/wp-json\/wp\/v2\/users\/2"}],"replies":[{"embeddable":true,"href":"https:\/\/radiowebmx.com\/nota\/wp-json\/wp\/v2\/comments?post=38657"}],"version-history":[{"count":1,"href":"https:\/\/radiowebmx.com\/nota\/wp-json\/wp\/v2\/posts\/38657\/revisions"}],"predecessor-version":[{"id":38659,"href":"https:\/\/radiowebmx.com\/nota\/wp-json\/wp\/v2\/posts\/38657\/revisions\/38659"}],"wp:featuredmedia":[{"embeddable":true,"href":"https:\/\/radiowebmx.com\/nota\/wp-json\/wp\/v2\/media\/38658"}],"wp:attachment":[{"href":"https:\/\/radiowebmx.com\/nota\/wp-json\/wp\/v2\/media?parent=38657"}],"wp:term":[{"taxonomy":"category","embeddable":true,"href":"https:\/\/radiowebmx.com\/nota\/wp-json\/wp\/v2\/categories?post=38657"},{"taxonomy":"post_tag","embeddable":true,"href":"https:\/\/radiowebmx.com\/nota\/wp-json\/wp\/v2\/tags?post=38657"}],"curies":[{"name":"wp","href":"https:\/\/api.w.org\/{rel}","templated":true}]}}