{"id":38653,"date":"2017-06-26T14:10:34","date_gmt":"2017-06-26T19:10:34","guid":{"rendered":"https:\/\/radiowebmx.com\/nota\/?p=38653"},"modified":"2017-06-26T14:28:27","modified_gmt":"2017-06-26T19:28:27","slug":"fortalece-iam-capacitacion-a-artesanas","status":"publish","type":"post","link":"https:\/\/radiowebmx.com\/nota\/fortalece-iam-capacitacion-a-artesanas\/","title":{"rendered":"Fortalece IAM capacitaci\u00f3n a artesanas"},"content":{"rendered":"<p><strong>Morelia, Michoac\u00e1n, a 26 de junio de 2017.- <\/strong>Con el objetivo de conservar, innovar, rescatar y difundir las t\u00e9cnicas artesanales tradicionales, adem\u00e1s de mejorar sus procesos y generar alternativas de ingreso y empleo, y de utilizar herramientas y recursos naturales, el Instituto del Artesano Michoacano (IAM) imparti\u00f3 cuatro capacitaciones en diferentes comunidades y localidades del estado.<br \/>\n<a href=\"https:\/\/radiowebmx.com\/nota\/wp-content\/uploads\/2017\/06\/326ec86f-060f-4ef4-bae2-3d3335baa263.jpg\"><img loading=\"lazy\" decoding=\"async\" class=\"alignnone size-medium wp-image-38654\" src=\"https:\/\/radiowebmx.com\/nota\/wp-content\/uploads\/2017\/06\/326ec86f-060f-4ef4-bae2-3d3335baa263-595x446.jpg\" alt=\"\" width=\"595\" height=\"446\" srcset=\"https:\/\/radiowebmx.com\/nota\/wp-content\/uploads\/2017\/06\/326ec86f-060f-4ef4-bae2-3d3335baa263-595x446.jpg 595w, https:\/\/radiowebmx.com\/nota\/wp-content\/uploads\/2017\/06\/326ec86f-060f-4ef4-bae2-3d3335baa263.jpg 709w\" sizes=\"auto, (max-width: 595px) 100vw, 595px\" \/><\/a><br \/>\nEl director general del IAM, Claudio M\u00e9ndez Fern\u00e1ndez, refiri\u00f3 que con una inversi\u00f3n de 300 mil pesos se logr\u00f3 beneficiar en forma directa a 173 artesanas, quienes adquirieron nuevos conocimientos y herramientas aprovechando la experiencia de maestros artesanos locales, quienes participaron como instructores.<\/p>\n<p>Detall\u00f3 que artesanas de Purechucho, Cher\u00e1n, Uruapan y Angahuan son las localidades que recibieron la capacitaci\u00f3n por parte de las y los maestros artesanos, quienes conservan la transmisi\u00f3n de t\u00e9cnicas de generaci\u00f3n a generaci\u00f3n, y trabajaron durante 40 horas en un lapso de un mes impartiendo los cursos.<\/p>\n<p>La capacitaci\u00f3n para la Preservaci\u00f3n de la t\u00e9cnica artesanal para el sombrero tradicional fue el curso que se desarroll\u00f3 en Purechucho, municipio de Huetamo, en cumplimiento al compromiso con las artesanas de la regi\u00f3n. Participaron 56 artesanas, quienes tambi\u00e9n recibieron una aportaci\u00f3n econ\u00f3mica como apoyo a la producci\u00f3n.<\/p>\n<p>Para dar difusi\u00f3n de la t\u00e9cnica e innovar en prendas, adem\u00e1s de motivar la habilidad y creatividad de las artesanas de Cher\u00e1n, se realiz\u00f3 la capacitaci\u00f3n denominada Rescate de relindo y nuevos dise\u00f1os, el cual fue dirigido a 22 mujeres, quienes tambi\u00e9n recibieron una aportaci\u00f3n econ\u00f3mica como apoyo a la producci\u00f3n.<\/p>\n<p>En Uruapan, con la participaci\u00f3n de 50 mujeres, se llev\u00f3 a cabo el taller de Nuevos dise\u00f1os en punto de cruz, con el objetivo de rescatar el vestuario tradicional de la regi\u00f3n de Uruapan, utilizando bordados propios de su localidad sobre prendas de vestir de diferentes \u00e9pocas representativas de las costumbres y tradiciones de su regi\u00f3n.<\/p>\n<p>A 45 artesanas de la comunidad de Angahuan que trabajan la rama del textil se les capacit\u00f3 en la elaboraci\u00f3n del Rebozo tradicional de algod\u00f3n en telar de cintura, con la finalidad de transmitir y mejorar la t\u00e9cnica de producci\u00f3n \u00a0y conservar las prescripciones originales de esta ancestral t\u00e9cnica.<\/p>\n<p>El titular del IAM subray\u00f3 que apoyar el desarrollo de esta t\u00e9cnica artesanal en la localidad de Angahuan permite la preservaci\u00f3n y mejora para obtener rebozos de calidad, adem\u00e1s de promover entre los compradores potenciales el gusto por estas prendas artesanales representativas.<\/p>\n","protected":false},"excerpt":{"rendered":"<p>Morelia, Michoac\u00e1n, a 26 de junio de 2017.- Con el objetivo de conservar, innovar, rescatar y difundir las t\u00e9cnicas artesanales tradicionales, adem\u00e1s de mejorar sus procesos y generar alternativas de ingreso y empleo, y de utilizar herramientas y recursos naturales, el Instituto del Artesano Michoacano (IAM) imparti\u00f3 cuatro capacitaciones en diferentes comunidades y localidades del [&hellip;]<\/p>\n","protected":false},"author":2,"featured_media":38655,"comment_status":"closed","ping_status":"closed","sticky":false,"template":"","format":"standard","meta":{"footnotes":""},"categories":[14,3,60],"tags":[],"class_list":["post-38653","post","type-post","status-publish","format-standard","has-post-thumbnail","hentry","category-destacadas","category-gobierno-del-estado-de-michoacan","category-michoacan"],"_links":{"self":[{"href":"https:\/\/radiowebmx.com\/nota\/wp-json\/wp\/v2\/posts\/38653","targetHints":{"allow":["GET"]}}],"collection":[{"href":"https:\/\/radiowebmx.com\/nota\/wp-json\/wp\/v2\/posts"}],"about":[{"href":"https:\/\/radiowebmx.com\/nota\/wp-json\/wp\/v2\/types\/post"}],"author":[{"embeddable":true,"href":"https:\/\/radiowebmx.com\/nota\/wp-json\/wp\/v2\/users\/2"}],"replies":[{"embeddable":true,"href":"https:\/\/radiowebmx.com\/nota\/wp-json\/wp\/v2\/comments?post=38653"}],"version-history":[{"count":1,"href":"https:\/\/radiowebmx.com\/nota\/wp-json\/wp\/v2\/posts\/38653\/revisions"}],"predecessor-version":[{"id":38656,"href":"https:\/\/radiowebmx.com\/nota\/wp-json\/wp\/v2\/posts\/38653\/revisions\/38656"}],"wp:featuredmedia":[{"embeddable":true,"href":"https:\/\/radiowebmx.com\/nota\/wp-json\/wp\/v2\/media\/38655"}],"wp:attachment":[{"href":"https:\/\/radiowebmx.com\/nota\/wp-json\/wp\/v2\/media?parent=38653"}],"wp:term":[{"taxonomy":"category","embeddable":true,"href":"https:\/\/radiowebmx.com\/nota\/wp-json\/wp\/v2\/categories?post=38653"},{"taxonomy":"post_tag","embeddable":true,"href":"https:\/\/radiowebmx.com\/nota\/wp-json\/wp\/v2\/tags?post=38653"}],"curies":[{"name":"wp","href":"https:\/\/api.w.org\/{rel}","templated":true}]}}