{"id":38647,"date":"2017-06-26T13:50:48","date_gmt":"2017-06-26T18:50:48","guid":{"rendered":"https:\/\/radiowebmx.com\/nota\/?p=38647"},"modified":"2017-06-26T14:10:20","modified_gmt":"2017-06-26T19:10:20","slug":"embajadores-de-la-paz-en-morelia-reciben-sensibilizacion-en-temas-de-inclusion","status":"publish","type":"post","link":"https:\/\/radiowebmx.com\/nota\/embajadores-de-la-paz-en-morelia-reciben-sensibilizacion-en-temas-de-inclusion\/","title":{"rendered":"Embajadores de la Paz en Morelia reciben sensibilizaci\u00f3n en temas de inclusi\u00f3n"},"content":{"rendered":"<p>En el \u00e1nimo de construir una sociedad m\u00e1s equitativa e incluyente, el Gobierno Municipal, que preside el Alcalde, Alfonso Mart\u00ednez Alc\u00e1zar, fomenta desde temprana edad una cultura de respeto hacia las personas con discapacidad.<br \/>\n<a href=\"https:\/\/radiowebmx.com\/nota\/wp-content\/uploads\/2017\/06\/68be16f5-0600-4e61-b84e-0c5f0b60a1e2.jpeg\"><img loading=\"lazy\" decoding=\"async\" class=\"alignnone size-medium wp-image-38648\" src=\"https:\/\/radiowebmx.com\/nota\/wp-content\/uploads\/2017\/06\/68be16f5-0600-4e61-b84e-0c5f0b60a1e2-595x377.jpeg\" alt=\"\" width=\"595\" height=\"377\" srcset=\"https:\/\/radiowebmx.com\/nota\/wp-content\/uploads\/2017\/06\/68be16f5-0600-4e61-b84e-0c5f0b60a1e2-595x377.jpeg 595w, https:\/\/radiowebmx.com\/nota\/wp-content\/uploads\/2017\/06\/68be16f5-0600-4e61-b84e-0c5f0b60a1e2.jpeg 709w\" sizes=\"auto, (max-width: 595px) 100vw, 595px\" \/><\/a><br \/>\nComo parte de estas acciones, la Secretar\u00eda de Desarrollo Humano y Bienestar Social, llev\u00f3 a los integrantes del Cabildo Infantil y los ni\u00f1os Embajadores de la Paz en Morelia, a una vista a las instalaciones del Centro de Rehabilitaci\u00f3n Infantil Telet\u00f3n (CRIT), donde los menores fueron sensibilizados sobre este tema.<\/p>\n<p>Durante el recorrido, el Director de Desarrollo Humano, Erick Acu\u00f1a Meza, resalt\u00f3 que a trav\u00e9s de este tipo de actividades, el Ayuntamiento capitalino busca promover una educaci\u00f3n inclusiva a trav\u00e9s de experiencias exitosas, capaces de ser replicadas en sus escuelas, hogares y comunidades.<\/p>\n<p>\u201cLa intenci\u00f3n es que se comprenda que los ni\u00f1os y ni\u00f1as con discapacidad deben ejercer una vida plena en igualdad. Hay mucho que aprender de ellos, por eso decimos s\u00ed queremos aprender y tambi\u00e9n ense\u00f1ar estas vivencias\u201d, apunt\u00f3.<\/p>\n<p>El funcionario municipal, explic\u00f3 que resulta fundamental trabajar con los Embajadores de la Paz en esta concientizaci\u00f3n e inculcarles los valores del respeto y la inclusi\u00f3n, de tal forma que poco a poco se \u201celiminen los obst\u00e1culos que evitan la verdadera integraci\u00f3n de las personas con discapacidad\u201d.<\/p>\n<p>De esta manera, los 50 ni\u00f1os que conforman el Cabildo Juvenil y los embajadores pudieron conocer, interactuar y \u201cponerse en los zapatos del otro\u201d con diversas actividades en el CRIT, donde se comprometieron a reproducir lo aprendido en sus casas y escuela.<\/p>\n","protected":false},"excerpt":{"rendered":"<p>En el \u00e1nimo de construir una sociedad m\u00e1s equitativa e incluyente, el Gobierno Municipal, que preside el Alcalde, Alfonso Mart\u00ednez Alc\u00e1zar, fomenta desde temprana edad una cultura de respeto hacia las personas con discapacidad. Como parte de estas acciones, la Secretar\u00eda de Desarrollo Humano y Bienestar Social, llev\u00f3 a los integrantes del Cabildo Infantil y [&hellip;]<\/p>\n","protected":false},"author":2,"featured_media":38648,"comment_status":"closed","ping_status":"closed","sticky":false,"template":"","format":"standard","meta":{"footnotes":""},"categories":[14,60,9],"tags":[],"class_list":["post-38647","post","type-post","status-publish","format-standard","has-post-thumbnail","hentry","category-destacadas","category-michoacan","category-morelia"],"_links":{"self":[{"href":"https:\/\/radiowebmx.com\/nota\/wp-json\/wp\/v2\/posts\/38647","targetHints":{"allow":["GET"]}}],"collection":[{"href":"https:\/\/radiowebmx.com\/nota\/wp-json\/wp\/v2\/posts"}],"about":[{"href":"https:\/\/radiowebmx.com\/nota\/wp-json\/wp\/v2\/types\/post"}],"author":[{"embeddable":true,"href":"https:\/\/radiowebmx.com\/nota\/wp-json\/wp\/v2\/users\/2"}],"replies":[{"embeddable":true,"href":"https:\/\/radiowebmx.com\/nota\/wp-json\/wp\/v2\/comments?post=38647"}],"version-history":[{"count":1,"href":"https:\/\/radiowebmx.com\/nota\/wp-json\/wp\/v2\/posts\/38647\/revisions"}],"predecessor-version":[{"id":38649,"href":"https:\/\/radiowebmx.com\/nota\/wp-json\/wp\/v2\/posts\/38647\/revisions\/38649"}],"wp:featuredmedia":[{"embeddable":true,"href":"https:\/\/radiowebmx.com\/nota\/wp-json\/wp\/v2\/media\/38648"}],"wp:attachment":[{"href":"https:\/\/radiowebmx.com\/nota\/wp-json\/wp\/v2\/media?parent=38647"}],"wp:term":[{"taxonomy":"category","embeddable":true,"href":"https:\/\/radiowebmx.com\/nota\/wp-json\/wp\/v2\/categories?post=38647"},{"taxonomy":"post_tag","embeddable":true,"href":"https:\/\/radiowebmx.com\/nota\/wp-json\/wp\/v2\/tags?post=38647"}],"curies":[{"name":"wp","href":"https:\/\/api.w.org\/{rel}","templated":true}]}}