{"id":38644,"date":"2017-06-26T13:53:24","date_gmt":"2017-06-26T18:53:24","guid":{"rendered":"https:\/\/radiowebmx.com\/nota\/?p=38644"},"modified":"2017-06-26T13:53:24","modified_gmt":"2017-06-26T18:53:24","slug":"dif-michoacan-busca-prevenir-embarazo-adolescente","status":"publish","type":"post","link":"https:\/\/radiowebmx.com\/nota\/dif-michoacan-busca-prevenir-embarazo-adolescente\/","title":{"rendered":"DIF Michoac\u00e1n busca prevenir embarazo adolescente"},"content":{"rendered":"<ul>\n<li>Se implementan diversas estrategias para la atenci\u00f3n de este sector vulnerable.<\/li>\n<\/ul>\n<p><strong>Morelia, Michoac\u00e1n, a 26 \u00a0de junio de 2017.<\/strong> Con el objetivo de atender a ni\u00f1as y adolescentes en riesgo de embarazo, en estado de gestaci\u00f3n, lactancia o madres j\u00f3venes, el Sistema para el Desarrollo Integral de la Familia (DIF) Michoac\u00e1n implementa acciones a trav\u00e9s de los Sistemas DIF municipales, contribuyendo as\u00ed al ejercicio de sus derechos.<br \/>\n<a href=\"https:\/\/radiowebmx.com\/nota\/wp-content\/uploads\/2017\/06\/d281b7c1-d4be-48da-a265-06986ae4a8e7.jpg\"><img loading=\"lazy\" decoding=\"async\" class=\"alignnone size-medium wp-image-38645\" src=\"https:\/\/radiowebmx.com\/nota\/wp-content\/uploads\/2017\/06\/d281b7c1-d4be-48da-a265-06986ae4a8e7-595x397.jpg\" alt=\"\" width=\"595\" height=\"397\" srcset=\"https:\/\/radiowebmx.com\/nota\/wp-content\/uploads\/2017\/06\/d281b7c1-d4be-48da-a265-06986ae4a8e7-595x397.jpg 595w, https:\/\/radiowebmx.com\/nota\/wp-content\/uploads\/2017\/06\/d281b7c1-d4be-48da-a265-06986ae4a8e7-272x182.jpg 272w, https:\/\/radiowebmx.com\/nota\/wp-content\/uploads\/2017\/06\/d281b7c1-d4be-48da-a265-06986ae4a8e7.jpg 709w\" sizes=\"auto, (max-width: 595px) 100vw, 595px\" \/><\/a><br \/>\nLa directora general del Sistema DIF Michoac\u00e1n, Roc\u00edo Beamonte Romero precis\u00f3 que la atenci\u00f3n que se brinda a las mujeres busca atender sus necesidades acorde a sus edad y circunstancia de vida, a trav\u00e9s de la cobertura de sus necesidades biol\u00f3gicas, psicol\u00f3gicas y sociales.<\/p>\n<p>A\u00f1adi\u00f3 que en esta tarea se ha trabajado de la mano con los Sistemas DIF municipales a quienes se capacita sobre diversas tem\u00e1ticas y ellos a su vez replican estos conocimientos con la poblaci\u00f3n objetivo, aplicando as\u00ed el \u201cModelo Nacional para la Prevenci\u00f3n y Atenci\u00f3n del Embarazo en Ni\u00f1as y Adolescentes\u201d, con el cual se pretende atender a las ni\u00f1as y adolescentes de manera integral e interinstitucionalmente.<\/p>\n<p>Asimismo tambi\u00e9n se implementa el \u201cManual de Prevenci\u00f3n del Embarazo\u201d, el cual consta de 12 sesiones de trabajo, basados en la prevenci\u00f3n y se abordan temas de conocimiento\u00a0 y empoderamiento de la sexualidad en la adolescencia, adem\u00e1s se incluye un trabajo de sensibilizaci\u00f3n en las sesiones\u00a0 9 y 10 con beb\u00e9s virtuales, experiencia que propone un acercamiento a la vivencia de atender y cuidar un beb\u00e9 reci\u00e9n nacido.<\/p>\n<p>Tambi\u00e9n se maneja el \u201cManual\u00a0 de\u00a0 parto y puerperio\u00a0 para adolescentes\u201d, el consta de 6 sesiones\u00a0 y su objetivo es prevenir el segundo y\/o\u00a0 tercer embarazo en ni\u00f1as y adolescentes, as\u00ed como el conocimiento y empoderamiento de la sexualidad para estilos de vida m\u00e1s saludables.<\/p>\n<p>En lo que va de la presente administraci\u00f3n se ha logrado capacitar a 60 municipios del estado; asimismo en abril de este a\u00f1o se realiz\u00f3 el diplomado\u00a0 \u201cSexualidad y Atenci\u00f3n Integral a la Adolescencia\u201d, el cual participaron 44 sistemas DIF municipales y\u00a0 7 instituciones\u00a0 para fortalecer el trabajo transversal.<\/p>\n<p>Otros mecanismos de apoyo se brindan mediante el otorgamiento de proyectos productivos en coordinaci\u00f3n con los sistemas DIF Municipales a madres adolescentes y\/o adolescentes embarazadas<\/p>\n<p>La tem\u00e1tica se ve fortalecida en el trabajo interinstitucional mediante el \u201cComit\u00e9 de Atenci\u00f3n a la Adolescencia\u201d, que es encabezado por la Secretar\u00eda de Salud, as\u00ed como el contacto directo con la poblaci\u00f3n que se brinda a trav\u00e9s de las ferias de la salud.<\/p>\n","protected":false},"excerpt":{"rendered":"<p>Se implementan diversas estrategias para la atenci\u00f3n de este sector vulnerable. Morelia, Michoac\u00e1n, a 26 \u00a0de junio de 2017. Con el objetivo de atender a ni\u00f1as y adolescentes en riesgo de embarazo, en estado de gestaci\u00f3n, lactancia o madres j\u00f3venes, el Sistema para el Desarrollo Integral de la Familia (DIF) Michoac\u00e1n implementa acciones a trav\u00e9s [&hellip;]<\/p>\n","protected":false},"author":2,"featured_media":38645,"comment_status":"closed","ping_status":"closed","sticky":false,"template":"","format":"standard","meta":{"footnotes":""},"categories":[14,3,60],"tags":[],"class_list":["post-38644","post","type-post","status-publish","format-standard","has-post-thumbnail","hentry","category-destacadas","category-gobierno-del-estado-de-michoacan","category-michoacan"],"_links":{"self":[{"href":"https:\/\/radiowebmx.com\/nota\/wp-json\/wp\/v2\/posts\/38644","targetHints":{"allow":["GET"]}}],"collection":[{"href":"https:\/\/radiowebmx.com\/nota\/wp-json\/wp\/v2\/posts"}],"about":[{"href":"https:\/\/radiowebmx.com\/nota\/wp-json\/wp\/v2\/types\/post"}],"author":[{"embeddable":true,"href":"https:\/\/radiowebmx.com\/nota\/wp-json\/wp\/v2\/users\/2"}],"replies":[{"embeddable":true,"href":"https:\/\/radiowebmx.com\/nota\/wp-json\/wp\/v2\/comments?post=38644"}],"version-history":[{"count":1,"href":"https:\/\/radiowebmx.com\/nota\/wp-json\/wp\/v2\/posts\/38644\/revisions"}],"predecessor-version":[{"id":38646,"href":"https:\/\/radiowebmx.com\/nota\/wp-json\/wp\/v2\/posts\/38644\/revisions\/38646"}],"wp:featuredmedia":[{"embeddable":true,"href":"https:\/\/radiowebmx.com\/nota\/wp-json\/wp\/v2\/media\/38645"}],"wp:attachment":[{"href":"https:\/\/radiowebmx.com\/nota\/wp-json\/wp\/v2\/media?parent=38644"}],"wp:term":[{"taxonomy":"category","embeddable":true,"href":"https:\/\/radiowebmx.com\/nota\/wp-json\/wp\/v2\/categories?post=38644"},{"taxonomy":"post_tag","embeddable":true,"href":"https:\/\/radiowebmx.com\/nota\/wp-json\/wp\/v2\/tags?post=38644"}],"curies":[{"name":"wp","href":"https:\/\/api.w.org\/{rel}","templated":true}]}}