{"id":386,"date":"2012-11-26T11:06:23","date_gmt":"2012-11-26T17:06:23","guid":{"rendered":"https:\/\/radiowebmx.com\/nota\/?p=386"},"modified":"2012-11-26T11:06:23","modified_gmt":"2012-11-26T17:06:23","slug":"realizaran-la-5a-feria-del-petate-tule-y-del-pulque-en-san-agustin","status":"publish","type":"post","link":"https:\/\/radiowebmx.com\/nota\/realizaran-la-5a-feria-del-petate-tule-y-del-pulque-en-san-agustin\/","title":{"rendered":"REALIZAR\u00c1N LA 5\u00aa FERIA DEL PETATE, TULE Y DEL PULQUE EN S\u00c1N AGUST\u00cdN"},"content":{"rendered":"<p><img loading=\"lazy\" decoding=\"async\" class=\"alignnone\" src=\"http:\/\/img38.imageshack.us\/img38\/4909\/dsc06844s.jpg\" alt=\"\" width=\"591\" height=\"322\" \/>El pr\u00f3ximo 28 de noviembre se realizar\u00e1 la 5\u00aa Feria del Petate, Tule y del Pulque en la comunidad de San Agust\u00edn del Pulque, perteneciente al municipio de Cuitzeo, donde se espera una asistencia de m\u00e1s de 6 mil 500 personas, as\u00ed lo dieron a conocer en rueda de prensa, Enrique S\u00e1nchez Velasco, director de Promoci\u00f3n de la Casa de las Artesan\u00edas y el presidente municipal de Cuitzeo, Fernando Alvarado Rangel.<\/p>\n<p>&nbsp;<\/p>\n<p>Esta feria que se lleva a cabo en conmemoraci\u00f3n al 429 aniversario de la incorporaci\u00f3n del pueblo de San Agust\u00edn del Pulque a la cultura de la Nueva Espa\u00f1a en 1579, ha contribuido a la econom\u00eda de sus habitantes, ya que los visitantes vienen a esta comunidad a comprar artesan\u00edas de gran variedad de modelos, adem\u00e1s de las diversas presentaciones del pulque.<\/p>\n<p>&nbsp;<\/p>\n<p>Se instalar\u00e1n 80 stands, donde los asistentes encontrar\u00e1n artesan\u00edas como las figuras hechas a base de tule, gastronom\u00eda como el mole de guajolote, corundas, pato de la regi\u00f3n que emigra de Canad\u00e1, charales, atole de agua miel; tambi\u00e9n se contar\u00e1 con eventos deportivos, culturales, un desfile, mojigangas y el tradicional torito de petate.<\/p>\n<p>&nbsp;<\/p>\n<p>Las artesan\u00edas m\u00e1s importantes del pueblo son el petate y el tule, tradiciones que se estaban perdiendo, pero que esta feria ha contribuido a rescatar y dar a conocer estas artesan\u00edas y el pulque, su bebida tradicional, ya que desde el a\u00f1o 2008 se lleva a cabo esta festividad.<\/p>\n<p>&nbsp;<\/p>\n<p>El pulque, una de las tradiciones de este pueblo es una fuente de trabajo para las personas de esta comunidad, ya que tiene buenas ventas en todo el territorio michoacano y en estados como Guanajuato.<\/p>\n<p>&nbsp;<\/p>\n<p>Acudir a esta feria es tambi\u00e9n un motivo para poder disfrutar de las zonas arqueol\u00f3gicas de este municipio como los 3 Cerritos, del Ex Convento Agustino de Santa Mar\u00eda Magdalena, adem\u00e1s del Lago de Cuitzeo.<\/p>\n<p>&nbsp;<\/p>\n<p>Estuvieron presentes Hugo Chagoyan, director de Promoci\u00f3n de Sedeco; FroylanSixtos Cruz, regidor de Planeaci\u00f3n, Programaci\u00f3n y Desarrollo de Cuitzeo; Guadalupe Reyes Abad, jefe de Tenencia de San Agust\u00edn del Pulque; Ang\u00e9lica Ausencio Ch\u00e1vez, presidenta de la Asociaci\u00f3n de Artesanos; Valeria Melo Camarena, y Cecilia Cerite\u00f1o M\u00e9ndez, secretaria y tesorera de la Asociaci\u00f3n de Artesanos, respectivamente.\u00a0<strong><em><\/em><\/strong><\/p>\n","protected":false},"excerpt":{"rendered":"<p>El pr\u00f3ximo 28 de noviembre se realizar\u00e1 la 5\u00aa Feria del Petate, Tule y del Pulque en la comunidad de San Agust\u00edn del Pulque, perteneciente al municipio de Cuitzeo, donde se espera una asistencia de m\u00e1s de 6 mil 500 personas, as\u00ed lo dieron a conocer en rueda de prensa, Enrique S\u00e1nchez Velasco, director de [&hellip;]<\/p>\n","protected":false},"author":1,"featured_media":0,"comment_status":"open","ping_status":"open","sticky":false,"template":"","format":"standard","meta":{"footnotes":""},"categories":[3],"tags":[],"class_list":["post-386","post","type-post","status-publish","format-standard","hentry","category-gobierno-del-estado-de-michoacan"],"_links":{"self":[{"href":"https:\/\/radiowebmx.com\/nota\/wp-json\/wp\/v2\/posts\/386","targetHints":{"allow":["GET"]}}],"collection":[{"href":"https:\/\/radiowebmx.com\/nota\/wp-json\/wp\/v2\/posts"}],"about":[{"href":"https:\/\/radiowebmx.com\/nota\/wp-json\/wp\/v2\/types\/post"}],"author":[{"embeddable":true,"href":"https:\/\/radiowebmx.com\/nota\/wp-json\/wp\/v2\/users\/1"}],"replies":[{"embeddable":true,"href":"https:\/\/radiowebmx.com\/nota\/wp-json\/wp\/v2\/comments?post=386"}],"version-history":[{"count":1,"href":"https:\/\/radiowebmx.com\/nota\/wp-json\/wp\/v2\/posts\/386\/revisions"}],"predecessor-version":[{"id":387,"href":"https:\/\/radiowebmx.com\/nota\/wp-json\/wp\/v2\/posts\/386\/revisions\/387"}],"wp:attachment":[{"href":"https:\/\/radiowebmx.com\/nota\/wp-json\/wp\/v2\/media?parent=386"}],"wp:term":[{"taxonomy":"category","embeddable":true,"href":"https:\/\/radiowebmx.com\/nota\/wp-json\/wp\/v2\/categories?post=386"},{"taxonomy":"post_tag","embeddable":true,"href":"https:\/\/radiowebmx.com\/nota\/wp-json\/wp\/v2\/tags?post=386"}],"curies":[{"name":"wp","href":"https:\/\/api.w.org\/{rel}","templated":true}]}}