{"id":38585,"date":"2017-06-25T17:02:18","date_gmt":"2017-06-25T22:02:18","guid":{"rendered":"https:\/\/radiowebmx.com\/nota\/?p=38585"},"modified":"2017-06-26T11:42:56","modified_gmt":"2017-06-26T16:42:56","slug":"prepara-gobierno-municipal-homenaje-al-pintor-moreliano-alfredo-arreguin","status":"publish","type":"post","link":"https:\/\/radiowebmx.com\/nota\/prepara-gobierno-municipal-homenaje-al-pintor-moreliano-alfredo-arreguin\/","title":{"rendered":"Prepara Gobierno Municipal homenaje al pintor moreliano Alfredo Arregu\u00edn"},"content":{"rendered":"<ul>\n<li>Se entregar\u00e1n las Llaves de la Ciudad<\/li>\n<\/ul>\n<p>&nbsp;<\/p>\n<ul>\n<li>Es parte de impulso a la cultura que el Gobierno Municipal del Alcalde, Alfonso Mart\u00ednez Alc\u00e1zar realiza en el municipio.<\/li>\n<\/ul>\n<p><a href=\"https:\/\/radiowebmx.com\/nota\/wp-content\/uploads\/2017\/06\/935d2b2c-9c3a-4a12-9686-6d0492ec724b.jpeg\"><img loading=\"lazy\" decoding=\"async\" class=\"alignnone size-medium wp-image-38586\" src=\"https:\/\/radiowebmx.com\/nota\/wp-content\/uploads\/2017\/06\/935d2b2c-9c3a-4a12-9686-6d0492ec724b-595x396.jpeg\" alt=\"\" width=\"595\" height=\"396\" srcset=\"https:\/\/radiowebmx.com\/nota\/wp-content\/uploads\/2017\/06\/935d2b2c-9c3a-4a12-9686-6d0492ec724b-595x396.jpeg 595w, https:\/\/radiowebmx.com\/nota\/wp-content\/uploads\/2017\/06\/935d2b2c-9c3a-4a12-9686-6d0492ec724b-272x182.jpeg 272w, https:\/\/radiowebmx.com\/nota\/wp-content\/uploads\/2017\/06\/935d2b2c-9c3a-4a12-9686-6d0492ec724b.jpeg 709w\" sizes=\"auto, (max-width: 595px) 100vw, 595px\" \/><\/a><\/p>\n<p>&nbsp;<\/p>\n<div>La pintura es una de las bellas artes que permiten al ser humano plasmar sus pensamientos y sentimientos, en este sentido al reconocer la t\u00e9cnica y obra del moreliano, Alfredo Arregu\u00edn, el Ayuntamiento de Morelia que encabeza el Alcalde, Alfonso Mart\u00ednez Alc\u00e1zar, entregar\u00e1 las llaves de la ciudad a este artista pl\u00e1stico.<\/p>\n<p>En este marco, se preparan una serie de actividades para homenajear al reconocido pintor moreliano, poniendo al alcance de toda la ciudadan\u00eda el trabajo del moreliano ilustre, para que se adentren a\u00fan m\u00e1s en la trayectoria que lo ha llevado por diversas partes del mundo.<\/p>\n<p>Para la ceremonia de entrega de las Llaves de la Ciudad, se contempla la presencia de este pintor que desde joven radica en Seatle, EUA y dentro de su obra se puede encontrar diversos tapices complejos y coloridos en el que se conjuntan variados elementos como las tradiciones mexicanas, paisajes de las selvas de Am\u00e9rica, vida salvaje de noroeste Pac\u00edfico, personajes como C\u00e9sar Ch\u00e1vez, Frida Kahlo, Emiliano Zapata, Morelos y la Virgen de Guadalupe.<\/p><\/div>\n","protected":false},"excerpt":{"rendered":"<p>Se entregar\u00e1n las Llaves de la Ciudad &nbsp; Es parte de impulso a la cultura que el Gobierno Municipal del Alcalde, Alfonso Mart\u00ednez Alc\u00e1zar realiza en el municipio. &nbsp; La pintura es una de las bellas artes que permiten al ser humano plasmar sus pensamientos y sentimientos, en este sentido al reconocer la t\u00e9cnica y [&hellip;]<\/p>\n","protected":false},"author":2,"featured_media":38586,"comment_status":"closed","ping_status":"closed","sticky":false,"template":"","format":"standard","meta":{"footnotes":""},"categories":[14,60,9],"tags":[],"class_list":["post-38585","post","type-post","status-publish","format-standard","has-post-thumbnail","hentry","category-destacadas","category-michoacan","category-morelia"],"_links":{"self":[{"href":"https:\/\/radiowebmx.com\/nota\/wp-json\/wp\/v2\/posts\/38585","targetHints":{"allow":["GET"]}}],"collection":[{"href":"https:\/\/radiowebmx.com\/nota\/wp-json\/wp\/v2\/posts"}],"about":[{"href":"https:\/\/radiowebmx.com\/nota\/wp-json\/wp\/v2\/types\/post"}],"author":[{"embeddable":true,"href":"https:\/\/radiowebmx.com\/nota\/wp-json\/wp\/v2\/users\/2"}],"replies":[{"embeddable":true,"href":"https:\/\/radiowebmx.com\/nota\/wp-json\/wp\/v2\/comments?post=38585"}],"version-history":[{"count":1,"href":"https:\/\/radiowebmx.com\/nota\/wp-json\/wp\/v2\/posts\/38585\/revisions"}],"predecessor-version":[{"id":38587,"href":"https:\/\/radiowebmx.com\/nota\/wp-json\/wp\/v2\/posts\/38585\/revisions\/38587"}],"wp:featuredmedia":[{"embeddable":true,"href":"https:\/\/radiowebmx.com\/nota\/wp-json\/wp\/v2\/media\/38586"}],"wp:attachment":[{"href":"https:\/\/radiowebmx.com\/nota\/wp-json\/wp\/v2\/media?parent=38585"}],"wp:term":[{"taxonomy":"category","embeddable":true,"href":"https:\/\/radiowebmx.com\/nota\/wp-json\/wp\/v2\/categories?post=38585"},{"taxonomy":"post_tag","embeddable":true,"href":"https:\/\/radiowebmx.com\/nota\/wp-json\/wp\/v2\/tags?post=38585"}],"curies":[{"name":"wp","href":"https:\/\/api.w.org\/{rel}","templated":true}]}}