{"id":38576,"date":"2017-06-26T10:59:34","date_gmt":"2017-06-26T15:59:34","guid":{"rendered":"https:\/\/radiowebmx.com\/nota\/?p=38576"},"modified":"2017-06-26T11:23:27","modified_gmt":"2017-06-26T16:23:27","slug":"abre-sicdet-registro-al-congreso-de-ciencia-y-al-encuentro-de-jovenes-investigadores","status":"publish","type":"post","link":"https:\/\/radiowebmx.com\/nota\/abre-sicdet-registro-al-congreso-de-ciencia-y-al-encuentro-de-jovenes-investigadores\/","title":{"rendered":"Abre SICDET registro al Congreso de Ciencia y al Encuentro de J\u00f3venes Investigadores"},"content":{"rendered":"<p><strong>Morelia, Michoac\u00e1n, a 26 de junio de 2017.-<\/strong>\u00a0A partir de este lunes inicia operaciones la plataforma de registros al XII Congreso Estatal de Ciencia, Tecnolog\u00eda e Innovaci\u00f3n y al VI Encuentro de J\u00f3venes Investigadores del Estado de Michoac\u00e1n, anunci\u00f3 el titular de la Secretar\u00eda de Innovaci\u00f3n, Ciencia y Desarrollo Tecnol\u00f3gico (SICDET), Jos\u00e9 Luis Monta\u00f1ez Espinosa.<\/p>\n<p><a href=\"https:\/\/radiowebmx.com\/nota\/wp-content\/uploads\/2017\/06\/84ef579f-0b95-4c99-9dce-95d245ae32d4.jpg\"><img loading=\"lazy\" decoding=\"async\" class=\"alignnone size-medium wp-image-38577\" src=\"https:\/\/radiowebmx.com\/nota\/wp-content\/uploads\/2017\/06\/84ef579f-0b95-4c99-9dce-95d245ae32d4-595x446.jpg\" alt=\"\" width=\"595\" height=\"446\" srcset=\"https:\/\/radiowebmx.com\/nota\/wp-content\/uploads\/2017\/06\/84ef579f-0b95-4c99-9dce-95d245ae32d4-595x446.jpg 595w, https:\/\/radiowebmx.com\/nota\/wp-content\/uploads\/2017\/06\/84ef579f-0b95-4c99-9dce-95d245ae32d4.jpg 709w\" sizes=\"auto, (max-width: 595px) 100vw, 595px\" \/><\/a><\/p>\n<p>En conferencia de prensa, detall\u00f3 que la invitaci\u00f3n es para el p\u00fablico en general y para quienes se interesen en participar como relatores, moderadores y evaluadores. A diferencia de ediciones anteriores, en esta ocasi\u00f3n podr\u00e1n colaborar en esas tareas los profesores e investigadores interesados.<\/p>\n<p>&nbsp;<\/p>\n<p>Acompa\u00f1ado por los directores de Ciencia, Innovaci\u00f3n y Vinculaci\u00f3n, Jos\u00e9 Rodr\u00edguez Flores, Rub\u00e9n Salazar Jasso y Gaspar Efra\u00edn Guzm\u00e1n, respectivamente, as\u00ed como por el subsecretario Pedro Mata V\u00e1zquez, Monta\u00f1ez Espinosa anunci\u00f3 que el Registro de Evaluadores se realizar\u00e1 del 26 de junio al 11 de agosto; mientras que el de moderadores, relatores y p\u00fablico en general, ser\u00e1 del 26 de junio al 22 de septiembre.<\/p>\n<p>&nbsp;<\/p>\n<p>El Congreso Estatal de Ciencia, considerado como el principal foro del ramo en la entidad, y el Encuentro de J\u00f3venes Investigadores, se desarrollar\u00e1n de manera paralela los d\u00edas 5 y 6 de octubre pr\u00f3ximos en el Centro de Convenciones y Exposiciones de Morelia.<\/p>\n<p>&nbsp;<\/p>\n<p>Ambos eventos son gratuitos y permitir\u00e1n al p\u00fablico conocer lo m\u00e1s novedoso en programas y proyectos para la transferencia de conocimientos y tecnolog\u00edas a las empresas, a fin de elevar la su competitividad y propiciar una cultura empresarial de base tecnol\u00f3gica.<\/p>\n<p>&nbsp;<\/p>\n<p>Se trata de espacios para la participaci\u00f3n, discusi\u00f3n y formaci\u00f3n de acad\u00e9micos y estudiantes, que propician estrategias para el mejor aprovechamiento productivo y social del conocimiento y la t\u00e9cnica.<\/p>\n<p>&nbsp;<\/p>\n<p>Entre los objetivos de estos foros destaca impulsar la investigaci\u00f3n y el conocimiento en Michoac\u00e1n, fomentando y fortaleciendo la investigaci\u00f3n b\u00e1sica, aplicada y tecnol\u00f3gica a trav\u00e9s de un espacio para la divulgaci\u00f3n e intercambio de ideas.<\/p>\n<p>&nbsp;<\/p>\n<p>Tanto el Congreso como el Encuentro permitir\u00e1n promover, divulgar y difundir la cultura cient\u00edfica, human\u00edstica, tecnol\u00f3gica y de innovaci\u00f3n en el estado; presentar los resultados de las investigaciones que se realizan en la entidad, as\u00ed como aquellos conocimientos de frontera que permiten atender necesidades u oportunidades estrat\u00e9gicas y que contribuyen al desarrollo econ\u00f3mico y social sustentable.<\/p>\n","protected":false},"excerpt":{"rendered":"<p>Morelia, Michoac\u00e1n, a 26 de junio de 2017.-\u00a0A partir de este lunes inicia operaciones la plataforma de registros al XII Congreso Estatal de Ciencia, Tecnolog\u00eda e Innovaci\u00f3n y al VI Encuentro de J\u00f3venes Investigadores del Estado de Michoac\u00e1n, anunci\u00f3 el titular de la Secretar\u00eda de Innovaci\u00f3n, Ciencia y Desarrollo Tecnol\u00f3gico (SICDET), Jos\u00e9 Luis Monta\u00f1ez Espinosa. [&hellip;]<\/p>\n","protected":false},"author":2,"featured_media":38577,"comment_status":"closed","ping_status":"closed","sticky":false,"template":"","format":"standard","meta":{"footnotes":""},"categories":[14,3,60],"tags":[],"class_list":["post-38576","post","type-post","status-publish","format-standard","has-post-thumbnail","hentry","category-destacadas","category-gobierno-del-estado-de-michoacan","category-michoacan"],"_links":{"self":[{"href":"https:\/\/radiowebmx.com\/nota\/wp-json\/wp\/v2\/posts\/38576","targetHints":{"allow":["GET"]}}],"collection":[{"href":"https:\/\/radiowebmx.com\/nota\/wp-json\/wp\/v2\/posts"}],"about":[{"href":"https:\/\/radiowebmx.com\/nota\/wp-json\/wp\/v2\/types\/post"}],"author":[{"embeddable":true,"href":"https:\/\/radiowebmx.com\/nota\/wp-json\/wp\/v2\/users\/2"}],"replies":[{"embeddable":true,"href":"https:\/\/radiowebmx.com\/nota\/wp-json\/wp\/v2\/comments?post=38576"}],"version-history":[{"count":1,"href":"https:\/\/radiowebmx.com\/nota\/wp-json\/wp\/v2\/posts\/38576\/revisions"}],"predecessor-version":[{"id":38578,"href":"https:\/\/radiowebmx.com\/nota\/wp-json\/wp\/v2\/posts\/38576\/revisions\/38578"}],"wp:featuredmedia":[{"embeddable":true,"href":"https:\/\/radiowebmx.com\/nota\/wp-json\/wp\/v2\/media\/38577"}],"wp:attachment":[{"href":"https:\/\/radiowebmx.com\/nota\/wp-json\/wp\/v2\/media?parent=38576"}],"wp:term":[{"taxonomy":"category","embeddable":true,"href":"https:\/\/radiowebmx.com\/nota\/wp-json\/wp\/v2\/categories?post=38576"},{"taxonomy":"post_tag","embeddable":true,"href":"https:\/\/radiowebmx.com\/nota\/wp-json\/wp\/v2\/tags?post=38576"}],"curies":[{"name":"wp","href":"https:\/\/api.w.org\/{rel}","templated":true}]}}