{"id":38537,"date":"2017-06-22T16:24:20","date_gmt":"2017-06-22T21:24:20","guid":{"rendered":"https:\/\/radiowebmx.com\/nota\/?p=38537"},"modified":"2017-06-23T12:30:51","modified_gmt":"2017-06-23T17:30:51","slug":"nalleli-pedraza-se-suma-a-gestionar-escuela","status":"publish","type":"post","link":"https:\/\/radiowebmx.com\/nota\/nalleli-pedraza-se-suma-a-gestionar-escuela\/","title":{"rendered":"Nalleli Pedraza se suma a gestionar escuela"},"content":{"rendered":"<p class=\"x_MsoNormal\"><b>Morelia; Michoac\u00e1n, 22 de junio de 2017.-<\/b> \u00a0Como parte de sus actividades de gesti\u00f3n y en pro de la educaci\u00f3n, desarrollo y progreso de los ciudadanos, la diputada Nalleli Pedraza Huerta se comprometi\u00f3 a gestionar\u00a0 de la mano con los padres de familia y maestros, recursos para la construcci\u00f3n de una escuela en Morelia.<\/p>\n<p class=\"x_MsoNormal\"><a href=\"https:\/\/radiowebmx.com\/nota\/wp-content\/uploads\/2017\/06\/Comunicado-866.jpg\"><img loading=\"lazy\" decoding=\"async\" class=\"alignnone size-medium wp-image-38538\" src=\"https:\/\/radiowebmx.com\/nota\/wp-content\/uploads\/2017\/06\/Comunicado-866-595x324.jpg\" alt=\"\" width=\"595\" height=\"324\" srcset=\"https:\/\/radiowebmx.com\/nota\/wp-content\/uploads\/2017\/06\/Comunicado-866-595x324.jpg 595w, https:\/\/radiowebmx.com\/nota\/wp-content\/uploads\/2017\/06\/Comunicado-866.jpg 709w\" sizes=\"auto, (max-width: 595px) 100vw, 595px\" \/><\/a><\/p>\n<p class=\"x_MsoNormal\">En ese sentido, la diputada Presidenta de la Comisi\u00f3n de Derechos Humanos en la <span id=\"0.10921172927088829\" class=\"currentHitHighlight\">LXXIII<\/span> Legislatura local, fue invitada por el profesor Enrique Acosta y el licenciado Mauricet\u00a0 Garc\u00eda, a participar con padres de familia de la colonia Loma Larga, de la ciudad de Morelia, para sumarse al proyecto de construcci\u00f3n de una escuela primaria.<\/p>\n<p class=\"x_MsoNormal\">\n<p class=\"x_MsoNormal\">La diputada se comprometi\u00f3 a sumar esfuerzos para que se concrete la construcci\u00f3n de la escuela primaria, que tiene planeado atender a cerca de 200 ni\u00f1os y ni\u00f1as de las colonias Praderas del Sur, Lomas del Durazno, Loma Larga, Campo Real, Bonanza, entre otras.<\/p>\n<p class=\"x_MsoNormal\">\n<p class=\"x_MsoNormal\">Nalleli Pedraza mencion\u00f3 que lo m\u00e1s importante es que la gente propicie estos espacios de organizaci\u00f3n, ya que es el mecanismo m\u00e1s eficaz para lograr que las autoridades respondan a las demandas y necesidades de la poblaci\u00f3n. Por lo que puso a disposici\u00f3n de los colonos todos los servicios y apoyos que se gestionan a trav\u00e9s de la casa de enlace.<\/p>\n<p class=\"x_MsoNormal\">\n<p class=\"x_MsoNormal\">La diputada local adem\u00e1s comparti\u00f3 con los asistentes, que a trav\u00e9s del Movimiento Nacional por la Esperanza, gestionar\u00e1 apoyos alimentarios y de salud, mediante la feria social que ya ha implementado en otras colonias de la capital michoacana.<\/p>\n<p class=\"x_MsoNormal\">\n<p class=\"x_MsoNormal\">Finalmente la legisladora se comprometi\u00f3 a continuar apoyando a la poblaci\u00f3n en sus gestiones, con el objetivo de ayudar a que mejoren sus condiciones de vida.<\/p>\n","protected":false},"excerpt":{"rendered":"<p>Morelia; Michoac\u00e1n, 22 de junio de 2017.- \u00a0Como parte de sus actividades de gesti\u00f3n y en pro de la educaci\u00f3n, desarrollo y progreso de los ciudadanos, la diputada Nalleli Pedraza Huerta se comprometi\u00f3 a gestionar\u00a0 de la mano con los padres de familia y maestros, recursos para la construcci\u00f3n de una escuela en Morelia. En [&hellip;]<\/p>\n","protected":false},"author":2,"featured_media":38538,"comment_status":"closed","ping_status":"closed","sticky":false,"template":"","format":"standard","meta":{"footnotes":""},"categories":[6,14,19],"tags":[],"class_list":["post-38537","post","type-post","status-publish","format-standard","has-post-thumbnail","hentry","category-congreso-del-estado","category-destacadas","category-grupo-parlamentario-del-prd"],"_links":{"self":[{"href":"https:\/\/radiowebmx.com\/nota\/wp-json\/wp\/v2\/posts\/38537","targetHints":{"allow":["GET"]}}],"collection":[{"href":"https:\/\/radiowebmx.com\/nota\/wp-json\/wp\/v2\/posts"}],"about":[{"href":"https:\/\/radiowebmx.com\/nota\/wp-json\/wp\/v2\/types\/post"}],"author":[{"embeddable":true,"href":"https:\/\/radiowebmx.com\/nota\/wp-json\/wp\/v2\/users\/2"}],"replies":[{"embeddable":true,"href":"https:\/\/radiowebmx.com\/nota\/wp-json\/wp\/v2\/comments?post=38537"}],"version-history":[{"count":1,"href":"https:\/\/radiowebmx.com\/nota\/wp-json\/wp\/v2\/posts\/38537\/revisions"}],"predecessor-version":[{"id":38539,"href":"https:\/\/radiowebmx.com\/nota\/wp-json\/wp\/v2\/posts\/38537\/revisions\/38539"}],"wp:featuredmedia":[{"embeddable":true,"href":"https:\/\/radiowebmx.com\/nota\/wp-json\/wp\/v2\/media\/38538"}],"wp:attachment":[{"href":"https:\/\/radiowebmx.com\/nota\/wp-json\/wp\/v2\/media?parent=38537"}],"wp:term":[{"taxonomy":"category","embeddable":true,"href":"https:\/\/radiowebmx.com\/nota\/wp-json\/wp\/v2\/categories?post=38537"},{"taxonomy":"post_tag","embeddable":true,"href":"https:\/\/radiowebmx.com\/nota\/wp-json\/wp\/v2\/tags?post=38537"}],"curies":[{"name":"wp","href":"https:\/\/api.w.org\/{rel}","templated":true}]}}