{"id":38515,"date":"2017-06-22T17:17:45","date_gmt":"2017-06-22T22:17:45","guid":{"rendered":"https:\/\/radiowebmx.com\/nota\/?p=38515"},"modified":"2017-06-23T12:04:31","modified_gmt":"2017-06-23T17:04:31","slug":"impulsa-sfa-capacitacion-de-servidores-publicos-de-michoacan","status":"publish","type":"post","link":"https:\/\/radiowebmx.com\/nota\/impulsa-sfa-capacitacion-de-servidores-publicos-de-michoacan\/","title":{"rendered":"Impulsa SFA capacitacion de servidores p\u00fablicos de Michoac\u00e1n"},"content":{"rendered":"<p><strong>Morelia, Michoac\u00e1n, a 22 de junio de 2017.-<\/strong>\u00a0Formar servidores p\u00fablicos responsables y eficaces es uno de los objetivos primordiales del Gobierno del Estado, que encabeza Silvano Aureoles Conejo, por lo que la Secretar\u00eda de Finanzas y Administraci\u00f3n (SFA) ha implementado programas de capacitaci\u00f3n, ponencias, diplomados y cursos orientados a facilitar a los trabajadores el acceso a informaci\u00f3n, herramientas y conocimientos que les permitan realizar de manera adecuada sus funciones.<\/p>\n<p><a href=\"https:\/\/radiowebmx.com\/nota\/wp-content\/uploads\/2017\/06\/3c7fe241-2080-4c46-89db-c47c4b4dae15.jpg\"><img loading=\"lazy\" decoding=\"async\" class=\"alignnone size-medium wp-image-38517\" src=\"https:\/\/radiowebmx.com\/nota\/wp-content\/uploads\/2017\/06\/3c7fe241-2080-4c46-89db-c47c4b4dae15-595x446.jpg\" alt=\"\" width=\"595\" height=\"446\" srcset=\"https:\/\/radiowebmx.com\/nota\/wp-content\/uploads\/2017\/06\/3c7fe241-2080-4c46-89db-c47c4b4dae15-595x446.jpg 595w, https:\/\/radiowebmx.com\/nota\/wp-content\/uploads\/2017\/06\/3c7fe241-2080-4c46-89db-c47c4b4dae15.jpg 709w\" sizes=\"auto, (max-width: 595px) 100vw, 595px\" \/><\/a><\/p>\n<p>En este contexto, la Subsecretar\u00eda de Gesti\u00f3n Laboral y Patrimonial de la SFA, a cargo de Guillermo Rizo Hern\u00e1ndez, invit\u00f3 a la directora del Centro de Recursos Internacionales para Organizaciones Civiles A.C.,\u00a0Patricia L\u00f3pez Guerra,\u00a0a presentar una ponencia con el tema \u201cProcuraci\u00f3n de fondos privados y p\u00fablicos procedentes de las fundaciones privadas norteamericanas y de los \u00f3rganos del Estado&#8221;, en la que se inform\u00f3 a los servidores p\u00fablicos de los mecanismos para el uso de recursos y programas encaminados a la procuraci\u00f3n de la mejora de calidad de vida de los sectores m\u00e1s vulnerables.<\/p>\n<p>&nbsp;<\/p>\n<p>\u201cEl concepto de dotar de herramientas necesarias no s\u00f3lo hace referencia a las herramientas f\u00edsicas, sino tambi\u00e9n a las herramientas intelectuales que permitir\u00e1n efectuar de manera adecuada las funciones de cada uno de los trabajadores en sus \u00e1reas y lograr una aportaci\u00f3n significativa para la comunidad\u201d, apunt\u00f3 L\u00f3pez Guerra.<\/p>\n<p>&nbsp;<\/p>\n<p>Indic\u00f3 que es trascendental la vinculaci\u00f3n con instituciones internacionales, lo que no s\u00f3lo permitir\u00e1 acceder a recursos econ\u00f3micos o en especie, sino que propiciar\u00e1 el intercambio de recursos humanos a trav\u00e9s de alianzas que dar\u00e1n como resultado la implementaci\u00f3n de protocolos nuevos y modelos de atenci\u00f3n usados en otros pa\u00edses, entre otros beneficios.<\/p>\n<p>&nbsp;<\/p>\n<p>Por su parte, con la representaci\u00f3n del titular de la SFA, Carlos Maldonado Mendoza, el subsecretario de Administraci\u00f3n e Innovaci\u00f3n de Procesos, Clemente Chauvet G\u00f3mez, destac\u00f3 que a trav\u00e9s de la capacitaci\u00f3n los servidores p\u00fablicos pueden obtener los conocimientos necesarios para ofrecer un servicio eficaz y de calidad a las y los michoacanos.<\/p>\n<p>&nbsp;<\/p>\n<p>Adem\u00e1s de los subsecretarios de Administraci\u00f3n e Innovaci\u00f3n de Precesos y de Gesti\u00f3n Laboral y Patrimonial de la SFA, a esta actividad tambi\u00e9n asistieron el director de Profesionalizaci\u00f3n de esta dependencia, Francisco Zaragoza Huerta, y el secretario general del Sindicato de Trabajadores al Servicio del Poder Ejecutivo, Antonio Ferreyra Pi\u00f1on.<\/p>\n","protected":false},"excerpt":{"rendered":"<p>Morelia, Michoac\u00e1n, a 22 de junio de 2017.-\u00a0Formar servidores p\u00fablicos responsables y eficaces es uno de los objetivos primordiales del Gobierno del Estado, que encabeza Silvano Aureoles Conejo, por lo que la Secretar\u00eda de Finanzas y Administraci\u00f3n (SFA) ha implementado programas de capacitaci\u00f3n, ponencias, diplomados y cursos orientados a facilitar a los trabajadores el acceso [&hellip;]<\/p>\n","protected":false},"author":2,"featured_media":38516,"comment_status":"closed","ping_status":"closed","sticky":false,"template":"","format":"standard","meta":{"footnotes":""},"categories":[14,3,60],"tags":[],"class_list":["post-38515","post","type-post","status-publish","format-standard","has-post-thumbnail","hentry","category-destacadas","category-gobierno-del-estado-de-michoacan","category-michoacan"],"_links":{"self":[{"href":"https:\/\/radiowebmx.com\/nota\/wp-json\/wp\/v2\/posts\/38515","targetHints":{"allow":["GET"]}}],"collection":[{"href":"https:\/\/radiowebmx.com\/nota\/wp-json\/wp\/v2\/posts"}],"about":[{"href":"https:\/\/radiowebmx.com\/nota\/wp-json\/wp\/v2\/types\/post"}],"author":[{"embeddable":true,"href":"https:\/\/radiowebmx.com\/nota\/wp-json\/wp\/v2\/users\/2"}],"replies":[{"embeddable":true,"href":"https:\/\/radiowebmx.com\/nota\/wp-json\/wp\/v2\/comments?post=38515"}],"version-history":[{"count":1,"href":"https:\/\/radiowebmx.com\/nota\/wp-json\/wp\/v2\/posts\/38515\/revisions"}],"predecessor-version":[{"id":38518,"href":"https:\/\/radiowebmx.com\/nota\/wp-json\/wp\/v2\/posts\/38515\/revisions\/38518"}],"wp:featuredmedia":[{"embeddable":true,"href":"https:\/\/radiowebmx.com\/nota\/wp-json\/wp\/v2\/media\/38516"}],"wp:attachment":[{"href":"https:\/\/radiowebmx.com\/nota\/wp-json\/wp\/v2\/media?parent=38515"}],"wp:term":[{"taxonomy":"category","embeddable":true,"href":"https:\/\/radiowebmx.com\/nota\/wp-json\/wp\/v2\/categories?post=38515"},{"taxonomy":"post_tag","embeddable":true,"href":"https:\/\/radiowebmx.com\/nota\/wp-json\/wp\/v2\/tags?post=38515"}],"curies":[{"name":"wp","href":"https:\/\/api.w.org\/{rel}","templated":true}]}}