{"id":38507,"date":"2017-06-22T15:53:44","date_gmt":"2017-06-22T20:53:44","guid":{"rendered":"https:\/\/radiowebmx.com\/nota\/?p=38507"},"modified":"2017-06-23T11:57:24","modified_gmt":"2017-06-23T16:57:24","slug":"capacita-y-actualiza-cecytem-a-su-personal","status":"publish","type":"post","link":"https:\/\/radiowebmx.com\/nota\/capacita-y-actualiza-cecytem-a-su-personal\/","title":{"rendered":"Capacita y actualiza CECyTEM a su personal"},"content":{"rendered":"<ul>\n<li>El curso se desarrolla en 21 sedes en el interior del estado y participan 435 trabajadores sindicalizados administrativos del subsistema.<\/li>\n<\/ul>\n<p><strong>Morelia, Michoac\u00e1n, a 22 de junio de 2017.-<\/strong> Con el prop\u00f3sito de actualizar las habilidades del personal para eficientar su labor a favor del alumnado, y en cumplimiento a la Ley Federal del Trabajo, el Colegio de Estudios Cient\u00edficos y Tecnol\u00f3gicos del Estado de Michoac\u00e1n (CECyTEM), ofrece la capacitaci\u00f3n con la tem\u00e1tica de Excel Intermedio a personal sindicalizado administrativo de los 93 planteles del subsistema.<br \/>\n<a href=\"https:\/\/radiowebmx.com\/nota\/wp-content\/uploads\/2017\/06\/3e5076cc-f52a-405c-a756-ac381b2675ed.jpg\"><img loading=\"lazy\" decoding=\"async\" class=\"alignnone size-medium wp-image-38509\" src=\"https:\/\/radiowebmx.com\/nota\/wp-content\/uploads\/2017\/06\/3e5076cc-f52a-405c-a756-ac381b2675ed-595x334.jpg\" alt=\"\" width=\"595\" height=\"334\" srcset=\"https:\/\/radiowebmx.com\/nota\/wp-content\/uploads\/2017\/06\/3e5076cc-f52a-405c-a756-ac381b2675ed-595x334.jpg 595w, https:\/\/radiowebmx.com\/nota\/wp-content\/uploads\/2017\/06\/3e5076cc-f52a-405c-a756-ac381b2675ed.jpg 709w\" sizes=\"auto, (max-width: 595px) 100vw, 595px\" \/><\/a><br \/>\nAs\u00ed lo inform\u00f3 la directora general del CECyTEM, Mar\u00eda del Carmen Escobedo P\u00e9rez, quien destac\u00f3 que se da cumplimiento al cap\u00edtulo III bis en su art\u00edculo 153-A, sobre la capacitaci\u00f3n y adiestramiento de los trabajadores de la Ley Federal del Trabajo, en el que hace menci\u00f3n que todo trabajador tiene el derecho a que su patr\u00f3n le proporcione capacitaci\u00f3n o adiestramiento en su trabajo que le permita elevar su nivel de vida y productividad, conforme a los planes y programas formulados, de com\u00fan acuerdo, por el patr\u00f3n y el sindicato o sus trabajadores.<\/p>\n<p>Escobedo P\u00e9rez detall\u00f3 que el curso se desarrolla en 21 sedes en el interior del estado y en la que participan 435 trabajadores sindicalizados del subsistema, en el que destacan secretarias, capturistas, administrativos especializados, taquimecan\u00f3grafas, encargados del orden, programadores, bibliotecarios, jefes de oficina y laboratoristas.<\/p>\n<p>La funcionaria subray\u00f3 la importancia de este tipo de capacitaciones en el CECyTEM durante el actual semestre escolar, \u201ces de vital importancia ya que contribuye al desarrollo personal y profesional de los individuos, y el capacitar a nuestro personal ayuda a que puedan tener mayores conocimientos, planear y realizar sus actividades conjuntamente con los dem\u00e1s trabajadores en los planteles donde laboran, por lo que es necesario trabajar en equipo para poder ofrecer a nuestros estudiantes una mejor atenci\u00f3n\u201d.<\/p>\n<p>Por \u00faltimo, la directora general enfatiz\u00f3 que se realizar\u00e1n m\u00e1s capacitaciones con diferente tem\u00e1tica como respuesta a la necesidad de la instituci\u00f3n educativa de seguir contando con personal productivo en el desarrollo de tareas y con la finalidad de mejorar el rendimiento, al elevar la capacidad de los trabajadores mediante la mejora de las actitudes, conocimientos y habilidades.<\/p>\n","protected":false},"excerpt":{"rendered":"<p>El curso se desarrolla en 21 sedes en el interior del estado y participan 435 trabajadores sindicalizados administrativos del subsistema. Morelia, Michoac\u00e1n, a 22 de junio de 2017.- Con el prop\u00f3sito de actualizar las habilidades del personal para eficientar su labor a favor del alumnado, y en cumplimiento a la Ley Federal del Trabajo, el [&hellip;]<\/p>\n","protected":false},"author":2,"featured_media":38508,"comment_status":"closed","ping_status":"closed","sticky":false,"template":"","format":"standard","meta":{"footnotes":""},"categories":[14,3,60],"tags":[],"class_list":["post-38507","post","type-post","status-publish","format-standard","has-post-thumbnail","hentry","category-destacadas","category-gobierno-del-estado-de-michoacan","category-michoacan"],"_links":{"self":[{"href":"https:\/\/radiowebmx.com\/nota\/wp-json\/wp\/v2\/posts\/38507","targetHints":{"allow":["GET"]}}],"collection":[{"href":"https:\/\/radiowebmx.com\/nota\/wp-json\/wp\/v2\/posts"}],"about":[{"href":"https:\/\/radiowebmx.com\/nota\/wp-json\/wp\/v2\/types\/post"}],"author":[{"embeddable":true,"href":"https:\/\/radiowebmx.com\/nota\/wp-json\/wp\/v2\/users\/2"}],"replies":[{"embeddable":true,"href":"https:\/\/radiowebmx.com\/nota\/wp-json\/wp\/v2\/comments?post=38507"}],"version-history":[{"count":1,"href":"https:\/\/radiowebmx.com\/nota\/wp-json\/wp\/v2\/posts\/38507\/revisions"}],"predecessor-version":[{"id":38510,"href":"https:\/\/radiowebmx.com\/nota\/wp-json\/wp\/v2\/posts\/38507\/revisions\/38510"}],"wp:featuredmedia":[{"embeddable":true,"href":"https:\/\/radiowebmx.com\/nota\/wp-json\/wp\/v2\/media\/38508"}],"wp:attachment":[{"href":"https:\/\/radiowebmx.com\/nota\/wp-json\/wp\/v2\/media?parent=38507"}],"wp:term":[{"taxonomy":"category","embeddable":true,"href":"https:\/\/radiowebmx.com\/nota\/wp-json\/wp\/v2\/categories?post=38507"},{"taxonomy":"post_tag","embeddable":true,"href":"https:\/\/radiowebmx.com\/nota\/wp-json\/wp\/v2\/tags?post=38507"}],"curies":[{"name":"wp","href":"https:\/\/api.w.org\/{rel}","templated":true}]}}