{"id":38504,"date":"2017-06-22T15:35:03","date_gmt":"2017-06-22T20:35:03","guid":{"rendered":"https:\/\/radiowebmx.com\/nota\/?p=38504"},"modified":"2017-06-23T11:53:04","modified_gmt":"2017-06-23T16:53:04","slug":"ine-y-ayuntamiento-de-morelia-suman-fuerzas-en-carrera-atletica","status":"publish","type":"post","link":"https:\/\/radiowebmx.com\/nota\/ine-y-ayuntamiento-de-morelia-suman-fuerzas-en-carrera-atletica\/","title":{"rendered":"INE y Ayuntamiento de Morelia suman fuerzas en Carrera Atl\u00e9tica"},"content":{"rendered":"<ul>\n<li>Se espera la asistencia de mil personas.<\/li>\n<\/ul>\n<p>&nbsp;<\/p>\n<div>Morelia, Mich., a 22 de junio de 2017<\/div>\n<div>El Consejo Local de Michoac\u00e1n del Instituto Nacional Electoral (INE), en coordinaci\u00f3n con el Ayuntamiento de Morelia, realizar\u00e1 su primera Carrera Atl\u00e9tica Ciudadana 5 kil\u00f3metros, la cual est\u00e1 pactada para el domingo 2 de julio, a partir de las 08:00 de la ma\u00f1ana, con un estimado de mil personas.<br \/>\n<a href=\"https:\/\/radiowebmx.com\/nota\/wp-content\/uploads\/2017\/06\/824859fd-9541-41e4-af66-ad7d1052cf5f.jpg\"><img loading=\"lazy\" decoding=\"async\" class=\"alignnone size-medium wp-image-38505\" src=\"https:\/\/radiowebmx.com\/nota\/wp-content\/uploads\/2017\/06\/824859fd-9541-41e4-af66-ad7d1052cf5f-595x502.jpg\" alt=\"\" width=\"595\" height=\"502\" srcset=\"https:\/\/radiowebmx.com\/nota\/wp-content\/uploads\/2017\/06\/824859fd-9541-41e4-af66-ad7d1052cf5f-595x502.jpg 595w, https:\/\/radiowebmx.com\/nota\/wp-content\/uploads\/2017\/06\/824859fd-9541-41e4-af66-ad7d1052cf5f.jpg 709w\" sizes=\"auto, (max-width: 595px) 100vw, 595px\" \/><\/a><br \/>\nAlfonso Mart\u00ednez Alc\u00e1zar, Alcalde de la capital michoacana, a trav\u00e9s del Instituto Municipal de Cultura F\u00edsica y Deporte (IMCUFIDE), apoyar\u00e1 al 100 por ciento esta justa, al reconocer la importancia de que a trav\u00e9s de eventos deportivos se estrechen los lazos de colaboraci\u00f3n entre el INE y la sociedad.<\/p>\n<p>En el anuncio del evento se dieron cita: Osvaldo Castro Nieves, Director Operativo del IMCUFIDE; David Alejandro Delgado Arroyo, vocal ejecutivo de la Junta Local Ejecutiva del Instituto Nacional Electoral en Michoac\u00e1n; Rub\u00e9n Herrera Rodr\u00edguez, Magistrado Presidente del Tribunal Electoral del Estado de Michoac\u00e1n; adem\u00e1s de Ram\u00f3n Hern\u00e1ndez Reyes, Consejero Presidente del Instituto Electoral de Michoac\u00e1n.<\/p>\n<p>\u201cEn el Ayuntamiento estamos poniendo todas las facilidades a nuestro alcance para que la carrera se desarrolle con \u00e9xito, ya que es importante para nosotros que se mantenga la tendencia de que organizaciones de todo tipo hagan deporte como una herramienta para mejorar sus lazos con la sociedad\u201d, apunt\u00f3 Osvaldo Castro, representante de la casa del deporte en Morelia.<\/p>\n<p>\u201cEsta carrera la hacemos a un a\u00f1o de que se den los pr\u00f3ximos eventos electorales y es con la firme intenci\u00f3n de fortalecer la cultura c\u00edvica y f\u00edsica, ya que ambas pueden aportar mucho a nuestra sociedad\u201d, enfatiz\u00f3 David Delgado Arroyo, vocal ejecutivo de la Junta Local Ejecutiva del INE.<\/p>\n<p>La primera edici\u00f3n de la Carrera Atl\u00e9tica Ciudadana INE 5k., empez\u00f3 como un proyecto interno, es decir, solo para trabajadores del Instituto en el estado, sin embargo al ver el inter\u00e9s de m\u00e1s personas se decidi\u00f3 abrirla al p\u00fablico en general y hasta el momento se cuenta con 600 inscritos y se planea llegar a la cifra de mil.<\/p>\n<p>La justa tendr\u00e1 una categor\u00eda \u00fanica para ambas ramas, mientras que la premiaci\u00f3n consistir\u00e1 en trofeos para los tres primeros lugares, as\u00ed como medallas para los mejores 500.<\/p>\n<p>El recorrido ser\u00e1 el ya famoso en Morelia, con punto de salida al pie de la Catedral, para seguir con direcci\u00f3n a Las Tarascas, tomar la Avenida Acueducto y al llegar a las inmediaciones del Centro Deportivo Ej\u00e9rcito de la Revoluci\u00f3n (CDER), volver al sitio de arranque.<\/p>\n<p>Las inscripciones son de car\u00e1cter gratuito y el tr\u00e1mite se puede realizar en las instalaciones del INE, ubicadas en el Boulevard Garc\u00eda de Le\u00f3n #1545, de la colonia 5 de Diciembre, en un horario de 08:00 a 16:00 horas.<\/p><\/div>\n","protected":false},"excerpt":{"rendered":"<p>Se espera la asistencia de mil personas. &nbsp; Morelia, Mich., a 22 de junio de 2017 El Consejo Local de Michoac\u00e1n del Instituto Nacional Electoral (INE), en coordinaci\u00f3n con el Ayuntamiento de Morelia, realizar\u00e1 su primera Carrera Atl\u00e9tica Ciudadana 5 kil\u00f3metros, la cual est\u00e1 pactada para el domingo 2 de julio, a partir de las [&hellip;]<\/p>\n","protected":false},"author":2,"featured_media":38505,"comment_status":"closed","ping_status":"closed","sticky":false,"template":"","format":"standard","meta":{"footnotes":""},"categories":[14,60,9],"tags":[],"class_list":["post-38504","post","type-post","status-publish","format-standard","has-post-thumbnail","hentry","category-destacadas","category-michoacan","category-morelia"],"_links":{"self":[{"href":"https:\/\/radiowebmx.com\/nota\/wp-json\/wp\/v2\/posts\/38504","targetHints":{"allow":["GET"]}}],"collection":[{"href":"https:\/\/radiowebmx.com\/nota\/wp-json\/wp\/v2\/posts"}],"about":[{"href":"https:\/\/radiowebmx.com\/nota\/wp-json\/wp\/v2\/types\/post"}],"author":[{"embeddable":true,"href":"https:\/\/radiowebmx.com\/nota\/wp-json\/wp\/v2\/users\/2"}],"replies":[{"embeddable":true,"href":"https:\/\/radiowebmx.com\/nota\/wp-json\/wp\/v2\/comments?post=38504"}],"version-history":[{"count":1,"href":"https:\/\/radiowebmx.com\/nota\/wp-json\/wp\/v2\/posts\/38504\/revisions"}],"predecessor-version":[{"id":38506,"href":"https:\/\/radiowebmx.com\/nota\/wp-json\/wp\/v2\/posts\/38504\/revisions\/38506"}],"wp:featuredmedia":[{"embeddable":true,"href":"https:\/\/radiowebmx.com\/nota\/wp-json\/wp\/v2\/media\/38505"}],"wp:attachment":[{"href":"https:\/\/radiowebmx.com\/nota\/wp-json\/wp\/v2\/media?parent=38504"}],"wp:term":[{"taxonomy":"category","embeddable":true,"href":"https:\/\/radiowebmx.com\/nota\/wp-json\/wp\/v2\/categories?post=38504"},{"taxonomy":"post_tag","embeddable":true,"href":"https:\/\/radiowebmx.com\/nota\/wp-json\/wp\/v2\/tags?post=38504"}],"curies":[{"name":"wp","href":"https:\/\/api.w.org\/{rel}","templated":true}]}}