{"id":38356,"date":"2017-06-21T11:33:24","date_gmt":"2017-06-21T16:33:24","guid":{"rendered":"https:\/\/radiowebmx.com\/nota\/?p=38356"},"modified":"2017-06-21T11:33:24","modified_gmt":"2017-06-21T16:33:24","slug":"propone-enrique-zepeda-que-comisiones-legislativa-esten-integradas-en-igualdad-de-genero","status":"publish","type":"post","link":"https:\/\/radiowebmx.com\/nota\/propone-enrique-zepeda-que-comisiones-legislativa-esten-integradas-en-igualdad-de-genero\/","title":{"rendered":"Propone Enrique Zepeda que comisiones legislativa est\u00e9n integradas en igualdad de g\u00e9nero"},"content":{"rendered":"<p><a href=\"https:\/\/radiowebmx.com\/nota\/wp-content\/uploads\/2017\/06\/Comunicado-856-1.jpg\"><img loading=\"lazy\" decoding=\"async\" class=\"alignnone size-medium wp-image-38357\" src=\"https:\/\/radiowebmx.com\/nota\/wp-content\/uploads\/2017\/06\/Comunicado-856-1-595x396.jpg\" alt=\"\" width=\"595\" height=\"396\" srcset=\"https:\/\/radiowebmx.com\/nota\/wp-content\/uploads\/2017\/06\/Comunicado-856-1-595x396.jpg 595w, https:\/\/radiowebmx.com\/nota\/wp-content\/uploads\/2017\/06\/Comunicado-856-1-272x182.jpg 272w, https:\/\/radiowebmx.com\/nota\/wp-content\/uploads\/2017\/06\/Comunicado-856-1.jpg 709w\" sizes=\"auto, (max-width: 595px) 100vw, 595px\" \/><\/a><\/p>\n<p>&nbsp;<\/p>\n<p class=\"x_gmail-MsoNoSpacing\"><b>Morelia; Michoac\u00e1n, 21 de junio de 2017.- \u00a0<\/b>El diputado Enrique Zepeda present\u00f3 ante el Pleno del Poder Legislativo una reforma a la Ley Org\u00e1nica y de Procedimientos del Congreso del Estado, en la que propone que la integraci\u00f3n de las comisiones sea procurando la pluralidad y la igualdad de g\u00e9nero, con el objetivo de alcanzar la verdadera integraci\u00f3n y no mancillar los ideales de una sociedad justa, actuando con congruencia y no con divisiones.<\/p>\n<p class=\"x_gmail-MsoNoSpacing\">\n<p class=\"x_gmail-MsoNoSpacing\">La iniciativa que fue turnada a la Comisi\u00f3n de R\u00e9gimen Interno y Pr\u00e1cticas Parlamentarias propone que la Comisi\u00f3n de Igualdad de G\u00e9nero, sea integrada de manera igualitaria por dos mujeres y dos hombres preservando as\u00ed el equilibrio para lo que es encomendado dicho trabajo.<\/p>\n<p class=\"x_gmail-MsoNoSpacing\">\n<p class=\"x_gmail-MsoNoSpacing\">De igual forma, plantea que dicha comisi\u00f3n elaborar\u00e1 una agenda parlamentaria que promueva iniciativas y proyectos para la igualdad de g\u00e9nero y de manera sustancial los tendientes a erradicar cualquier forma de discriminaci\u00f3n y violencia contra la mujer y el hombre, as\u00ed como tambi\u00e9n de los diferentes grupos por su orientaci\u00f3n sexual.<\/p>\n<p class=\"x_gmail-MsoNoSpacing\">\n<p class=\"x_gmail-MsoNoSpacing\">Zepeda Ontiveros, en su iniciativa destaca que la Igualdad est\u00e1 en la constante b\u00fasqueda de emparejar los derechos de los seres humanos dejando a un lado las separaciones y buscando el equilibrio dentro de la sociedad, pero para que esto realmente suceda, debe encontrar la manera justa que de las garant\u00edas por igual y evitando sobreponer los derechos de unos sobre otros.<\/p>\n<p class=\"x_gmail-MsoNoSpacing\">\n<p class=\"x_gmail-MsoNoSpacing\">Asimismo, reconoci\u00f3 la valent\u00eda de las mujeres que han luchado en el transcurso de la historia de la humanidad, y record\u00f3 a la maestra Celia Gallardo Gonz\u00e1lez, primera mujer que ocup\u00f3 una curul como diputada en el Congreso local, en la LV Legislatura y fue la primer diputada Presidente de la Gran Comisi\u00f3n; en el periodo de 1964 a 1967 fue diputada federal; adem\u00e1s como legisladora pugn\u00f3 para la aprobaci\u00f3n del Proyecto de Ley que dio origen al Instituto Michoacano de Protecci\u00f3n a la Infancia, filial del Instituto Nacional de Protecci\u00f3n a la Infancia (I.N.P.I.).<\/p>\n<p class=\"x_gmail-MsoNoSpacing\">\n<p class=\"x_gmail-MsoNoSpacing\">El diputado de Movimiento Regeneraci\u00f3n Nacional expres\u00f3 que es un orgullo que la <span id=\"0.3473406945285511\" class=\"currentHitHighlight\">LXXIII<\/span> Legislatura este conformada por 17 diputadas, sin embargo reconoci\u00f3 que a\u00fan queda m\u00e1s camino por recorrer para alcanzar una verdadera igualdad de g\u00e9nero.<\/p>\n","protected":false},"excerpt":{"rendered":"<p>&nbsp; Morelia; Michoac\u00e1n, 21 de junio de 2017.- \u00a0El diputado Enrique Zepeda present\u00f3 ante el Pleno del Poder Legislativo una reforma a la Ley Org\u00e1nica y de Procedimientos del Congreso del Estado, en la que propone que la integraci\u00f3n de las comisiones sea procurando la pluralidad y la igualdad de g\u00e9nero, con el objetivo de [&hellip;]<\/p>\n","protected":false},"author":2,"featured_media":38357,"comment_status":"closed","ping_status":"closed","sticky":false,"template":"","format":"standard","meta":{"footnotes":""},"categories":[6,14],"tags":[],"class_list":["post-38356","post","type-post","status-publish","format-standard","has-post-thumbnail","hentry","category-congreso-del-estado","category-destacadas"],"_links":{"self":[{"href":"https:\/\/radiowebmx.com\/nota\/wp-json\/wp\/v2\/posts\/38356","targetHints":{"allow":["GET"]}}],"collection":[{"href":"https:\/\/radiowebmx.com\/nota\/wp-json\/wp\/v2\/posts"}],"about":[{"href":"https:\/\/radiowebmx.com\/nota\/wp-json\/wp\/v2\/types\/post"}],"author":[{"embeddable":true,"href":"https:\/\/radiowebmx.com\/nota\/wp-json\/wp\/v2\/users\/2"}],"replies":[{"embeddable":true,"href":"https:\/\/radiowebmx.com\/nota\/wp-json\/wp\/v2\/comments?post=38356"}],"version-history":[{"count":1,"href":"https:\/\/radiowebmx.com\/nota\/wp-json\/wp\/v2\/posts\/38356\/revisions"}],"predecessor-version":[{"id":38358,"href":"https:\/\/radiowebmx.com\/nota\/wp-json\/wp\/v2\/posts\/38356\/revisions\/38358"}],"wp:featuredmedia":[{"embeddable":true,"href":"https:\/\/radiowebmx.com\/nota\/wp-json\/wp\/v2\/media\/38357"}],"wp:attachment":[{"href":"https:\/\/radiowebmx.com\/nota\/wp-json\/wp\/v2\/media?parent=38356"}],"wp:term":[{"taxonomy":"category","embeddable":true,"href":"https:\/\/radiowebmx.com\/nota\/wp-json\/wp\/v2\/categories?post=38356"},{"taxonomy":"post_tag","embeddable":true,"href":"https:\/\/radiowebmx.com\/nota\/wp-json\/wp\/v2\/tags?post=38356"}],"curies":[{"name":"wp","href":"https:\/\/api.w.org\/{rel}","templated":true}]}}