{"id":38347,"date":"2017-06-20T19:22:08","date_gmt":"2017-06-21T00:22:08","guid":{"rendered":"https:\/\/radiowebmx.com\/nota\/?p=38347"},"modified":"2017-06-21T11:26:47","modified_gmt":"2017-06-21T16:26:47","slug":"participa-andrea-villanueva-en-premiacion-del-concurso-ilumina-tus-derechos","status":"publish","type":"post","link":"https:\/\/radiowebmx.com\/nota\/participa-andrea-villanueva-en-premiacion-del-concurso-ilumina-tus-derechos\/","title":{"rendered":"Participa Andrea Villanueva en premiaci\u00f3n del concurso \u201cilumina tus derechos\u201d"},"content":{"rendered":"<p class=\"x_gmail-m5374030187928034865m4737449191756042277m-8296757297234281359gmail-msolistparagraph\">\u00a0 <i>La tambi\u00e9n integrante de la Comisi\u00f3n legislativa de Derechos Humanos, destac\u00f3 el trabajo impulsado por la CEDH para que los ni\u00f1os y j\u00f3venes conozcan sus garant\u00edas<\/i><i><\/i><\/p>\n<p><a href=\"https:\/\/radiowebmx.com\/nota\/wp-content\/uploads\/2017\/06\/COMUNICADO-853-1.jpg\"><img loading=\"lazy\" decoding=\"async\" class=\"alignnone size-medium wp-image-38348\" src=\"https:\/\/radiowebmx.com\/nota\/wp-content\/uploads\/2017\/06\/COMUNICADO-853-1-595x396.jpg\" alt=\"\" width=\"595\" height=\"396\" srcset=\"https:\/\/radiowebmx.com\/nota\/wp-content\/uploads\/2017\/06\/COMUNICADO-853-1-595x396.jpg 595w, https:\/\/radiowebmx.com\/nota\/wp-content\/uploads\/2017\/06\/COMUNICADO-853-1-272x182.jpg 272w, https:\/\/radiowebmx.com\/nota\/wp-content\/uploads\/2017\/06\/COMUNICADO-853-1.jpg 709w\" sizes=\"auto, (max-width: 595px) 100vw, 595px\" \/><\/a><\/p>\n<p>&nbsp;<\/p>\n<p class=\"x_MsoNormal\"><b>Morelia; Michoac\u00e1n, 20 de junio de 2017.-<\/b> Con un amplio reconocimiento al esfuerzo de la Comisi\u00f3n Estatal de Derechos Humanos (CEDH) y a su compromiso para que las nuevas generaciones, conozcan a cabalidad sus derechos fundamentales y los hagan valer ante chicos y grandes, la diputada Andrea Villanueva Cano, entreg\u00f3 los premios a los ganadores del 13\u00b0 Concurso de Dibujo Infantil \u201cIlumina tus Derechos\u201d.<\/p>\n<p class=\"x_MsoNormal\">\n<p class=\"x_MsoNormal\">Con la tem\u00e1tica \u201cMis derechos humanos en el uso del Internet y las redes sociales\u201d, m\u00e1s de 8 mil dibujos fueron realizados por ni\u00f1os del interior del estado de entre 6 y 12 a\u00f1os, quienes a trav\u00e9s de diversas im\u00e1genes, expresaron sus ideas respecto a los retos del uso de las redes sociales y el internet.<\/p>\n<p class=\"x_MsoNormal\">\n<p class=\"x_MsoNormal\">En este sentido, la tambi\u00e9n integrante de la Comisi\u00f3n de Derechos Humanos,\u00a0\u00a0 destac\u00f3 la importancia de concientizar entre los ni\u00f1os y j\u00f3venes sobre los beneficios pero tambi\u00e9n los riesgos que conlleva el acceso a la informaci\u00f3n abierta que hay en internet, principalmente en redes sociales.<\/p>\n<p class=\"x_MsoNormal\">\n<p class=\"x_MsoNormal\">Adem\u00e1s, indic\u00f3 la oportunidad de intensificar las campa\u00f1as de concientizaci\u00f3n e informaci\u00f3n en las escuelas y con los padres de familia, a fin de brindarles las herramientas necesarias para que no caigan en las trampas que muchos delincuentes utilizan a trav\u00e9s de las redes sociales para enga\u00f1arlos y cometer agresiones en su contra.<\/p>\n<p class=\"x_MsoNormal\">\n<p class=\"x_MsoNormal\">\u201cNinguna pol\u00edtica p\u00fablica ser\u00e1 suficiente si desde casa, como padres de familia y en las escuelas, trabajamos de la mano y coordinamos esfuerzos para evitar que cualquier persona trate de lastimar o violentar la seguridad y la integridad de nuestros peque\u00f1os\u201d, indic\u00f3 la representante popular.<\/p>\n<p class=\"x_MsoNormal\">\n<p class=\"x_MsoNormal\">Finalmente, felicit\u00f3 y reconoci\u00f3 al Presidente de la Comisi\u00f3n Estatal, V\u00edctor Manuel Serrato Lozano, as\u00ed como a los Consejeros y Visitadores de la CEDH por impulsar este tipo de eventos que adem\u00e1s de estimular el talento art\u00edstico de los ni\u00f1os y j\u00f3venes, promueve su participaci\u00f3n y el conocimiento de sus garant\u00edas fundamentales, evitando con ello que sean v\u00edctimas de cualquier trasgresi\u00f3n y garantiz\u00e1ndoles una vida con mejores condiciones para su desarrollo.<\/p>\n","protected":false},"excerpt":{"rendered":"<p>\u00a0 La tambi\u00e9n integrante de la Comisi\u00f3n legislativa de Derechos Humanos, destac\u00f3 el trabajo impulsado por la CEDH para que los ni\u00f1os y j\u00f3venes conozcan sus garant\u00edas &nbsp; Morelia; Michoac\u00e1n, 20 de junio de 2017.- Con un amplio reconocimiento al esfuerzo de la Comisi\u00f3n Estatal de Derechos Humanos (CEDH) y a su compromiso para que [&hellip;]<\/p>\n","protected":false},"author":2,"featured_media":38348,"comment_status":"closed","ping_status":"closed","sticky":false,"template":"","format":"standard","meta":{"footnotes":""},"categories":[6,14,8],"tags":[],"class_list":["post-38347","post","type-post","status-publish","format-standard","has-post-thumbnail","hentry","category-congreso-del-estado","category-destacadas","category-grupo-parlamentario-del-pan"],"_links":{"self":[{"href":"https:\/\/radiowebmx.com\/nota\/wp-json\/wp\/v2\/posts\/38347","targetHints":{"allow":["GET"]}}],"collection":[{"href":"https:\/\/radiowebmx.com\/nota\/wp-json\/wp\/v2\/posts"}],"about":[{"href":"https:\/\/radiowebmx.com\/nota\/wp-json\/wp\/v2\/types\/post"}],"author":[{"embeddable":true,"href":"https:\/\/radiowebmx.com\/nota\/wp-json\/wp\/v2\/users\/2"}],"replies":[{"embeddable":true,"href":"https:\/\/radiowebmx.com\/nota\/wp-json\/wp\/v2\/comments?post=38347"}],"version-history":[{"count":1,"href":"https:\/\/radiowebmx.com\/nota\/wp-json\/wp\/v2\/posts\/38347\/revisions"}],"predecessor-version":[{"id":38349,"href":"https:\/\/radiowebmx.com\/nota\/wp-json\/wp\/v2\/posts\/38347\/revisions\/38349"}],"wp:featuredmedia":[{"embeddable":true,"href":"https:\/\/radiowebmx.com\/nota\/wp-json\/wp\/v2\/media\/38348"}],"wp:attachment":[{"href":"https:\/\/radiowebmx.com\/nota\/wp-json\/wp\/v2\/media?parent=38347"}],"wp:term":[{"taxonomy":"category","embeddable":true,"href":"https:\/\/radiowebmx.com\/nota\/wp-json\/wp\/v2\/categories?post=38347"},{"taxonomy":"post_tag","embeddable":true,"href":"https:\/\/radiowebmx.com\/nota\/wp-json\/wp\/v2\/tags?post=38347"}],"curies":[{"name":"wp","href":"https:\/\/api.w.org\/{rel}","templated":true}]}}