{"id":38335,"date":"2017-06-20T19:26:22","date_gmt":"2017-06-21T00:26:22","guid":{"rendered":"https:\/\/radiowebmx.com\/nota\/?p=38335"},"modified":"2017-06-21T11:03:56","modified_gmt":"2017-06-21T16:03:56","slug":"telebachillerato-y-univim-por-impulsar-la-educacion-de-calidad-en-michoacan","status":"publish","type":"post","link":"https:\/\/radiowebmx.com\/nota\/telebachillerato-y-univim-por-impulsar-la-educacion-de-calidad-en-michoacan\/","title":{"rendered":"Telebachillerato y Univim, por impulsar la educaci\u00f3n de calidad en Michoac\u00e1n"},"content":{"rendered":"<p><a href=\"https:\/\/radiowebmx.com\/nota\/wp-content\/uploads\/2017\/06\/194ce646-0b98-40e4-8f58-b9f8bd2a0e21.jpg\"><img loading=\"lazy\" decoding=\"async\" class=\"alignnone size-medium wp-image-38336\" src=\"https:\/\/radiowebmx.com\/nota\/wp-content\/uploads\/2017\/06\/194ce646-0b98-40e4-8f58-b9f8bd2a0e21-595x396.jpg\" alt=\"\" width=\"595\" height=\"396\" srcset=\"https:\/\/radiowebmx.com\/nota\/wp-content\/uploads\/2017\/06\/194ce646-0b98-40e4-8f58-b9f8bd2a0e21-595x396.jpg 595w, https:\/\/radiowebmx.com\/nota\/wp-content\/uploads\/2017\/06\/194ce646-0b98-40e4-8f58-b9f8bd2a0e21-272x182.jpg 272w, https:\/\/radiowebmx.com\/nota\/wp-content\/uploads\/2017\/06\/194ce646-0b98-40e4-8f58-b9f8bd2a0e21.jpg 709w\" sizes=\"auto, (max-width: 595px) 100vw, 595px\" \/><\/a><\/p>\n<p>&nbsp;<\/p>\n<p><strong>Morelia, Michoac\u00e1n, a 20 de junio del 2017.-<\/strong>\u00a0Con el objetivo de establecer mecanismos de colaboraci\u00f3n para el intercambio acad\u00e9mico y difusi\u00f3n de licenciaturas, maestr\u00edas y especialidades en modalidad en l\u00ednea, el Telebachillerato de Michoac\u00e1n y la Universidad Virtual de Michoac\u00e1n (Univim) suscribieron un convenio con el que se impulsar\u00e1 el desarrollo educativo y productivo de la poblaci\u00f3n que vive en zonas marginadas del estado.<\/p>\n<p>&nbsp;<\/p>\n<p>Asesores, docentes, egresados y personal administrativo y directivo del Telebachillerato podr\u00e1n iniciar o concluir estudios de licenciatura y posgrado a trav\u00e9s de los diferentes programas en l\u00ednea que ofrece la Univim para la formaci\u00f3n y capacitaci\u00f3n de profesionistas.<\/p>\n<p>&nbsp;<\/p>\n<p>Tras realizarse la toma de protesta de 20 egresados de la Univim, la rectora Silvia Mendoza Valenzuela y el director general del Telebachillerato, Juan Carlos Barrag\u00e1n V\u00e9lez suscribieron el convenio que, adem\u00e1s, permitir\u00e1 dise\u00f1ar nuevos programas para la capacitaci\u00f3n continua de los trabajadores del subsistema.<\/p>\n<p>&nbsp;<\/p>\n<p>En su intervenci\u00f3n, Barrag\u00e1n V\u00e9lez coment\u00f3 que \u201cpara nosotros es una gran satisfacci\u00f3n contribuir con la instrucci\u00f3n del Gobernador Silvano Aureoles Conejo de fortalecer a la educaci\u00f3n a trav\u00e9s de acciones que permitan el desarrollo humano y que garanticen seguridad a los michoacanos\u201d.<\/p>\n<p>&nbsp;<\/p>\n<p>Afirm\u00f3 que el acuerdo con la Univim beneficiar\u00e1 al subsistema y a la poblaci\u00f3n que vive en zonas de alta marginaci\u00f3n y que por ende no pueden trasladarse a las instituciones para cursar estudios de licenciatura y\/o posgrado.<\/p>\n<p>&nbsp;<\/p>\n<p>\u201cEn el Telebachillerato estamos comprometidos con la educaci\u00f3n, y en los 182 centros que tenemos al interior del estado se promover\u00e1 la Univim como una opci\u00f3n importante para acceder a carreras profesionales y a cursos de capacitaci\u00f3n continua\u201d, expuso.<\/p>\n<p>&nbsp;<\/p>\n<p>Por su parte, Mendoza Valenzuela detall\u00f3\u00f3 que en la Univim se ofertan seis licenciaturas, tres maestr\u00edas y un doctorado, y adelant\u00f3 que pr\u00f3ximamente se dar\u00e1 apertura a nuevas especialidades en el \u00e1rea de la salud.<\/p>\n<p>&nbsp;<\/p>\n<p>Indic\u00f3 que la Univim tiene la facilidad de ampliar su cobertura por los alcances que ofrece la tecnolog\u00eda, por lo que se congratul\u00f3 de vincular acciones para dar resultados que demanda la poblaci\u00f3n.<\/p>\n<p>&nbsp;<\/p>\n<p>\u201cSe contribuye para entregar buenas cuentas en el \u00e1mbito educativo y al desarrollo del estado al formar e incorporar m\u00e1s profesionistas en la sociedad\u201d, apunt\u00f3 la rectora.<br \/>\nA la firma del convenio tambi\u00e9na asistieron el titular de la Secretar\u00eda de Educaci\u00f3n en el Estado, Alberto Frutis Sol\u00eds; el subsecretario de Educaci\u00f3n Media y Superior, Francisco S\u00e1nchez; y los subdirectores Acad\u00e9mico y de Planeaci\u00f3n del Telebachillerato, Ismael Gonz\u00e1lez Torres y Alejandro Mercado, respectivamente.<\/p>\n","protected":false},"excerpt":{"rendered":"<p>&nbsp; Morelia, Michoac\u00e1n, a 20 de junio del 2017.-\u00a0Con el objetivo de establecer mecanismos de colaboraci\u00f3n para el intercambio acad\u00e9mico y difusi\u00f3n de licenciaturas, maestr\u00edas y especialidades en modalidad en l\u00ednea, el Telebachillerato de Michoac\u00e1n y la Universidad Virtual de Michoac\u00e1n (Univim) suscribieron un convenio con el que se impulsar\u00e1 el desarrollo educativo y productivo [&hellip;]<\/p>\n","protected":false},"author":2,"featured_media":38336,"comment_status":"closed","ping_status":"closed","sticky":false,"template":"","format":"standard","meta":{"footnotes":""},"categories":[14,3,60],"tags":[],"class_list":["post-38335","post","type-post","status-publish","format-standard","has-post-thumbnail","hentry","category-destacadas","category-gobierno-del-estado-de-michoacan","category-michoacan"],"_links":{"self":[{"href":"https:\/\/radiowebmx.com\/nota\/wp-json\/wp\/v2\/posts\/38335","targetHints":{"allow":["GET"]}}],"collection":[{"href":"https:\/\/radiowebmx.com\/nota\/wp-json\/wp\/v2\/posts"}],"about":[{"href":"https:\/\/radiowebmx.com\/nota\/wp-json\/wp\/v2\/types\/post"}],"author":[{"embeddable":true,"href":"https:\/\/radiowebmx.com\/nota\/wp-json\/wp\/v2\/users\/2"}],"replies":[{"embeddable":true,"href":"https:\/\/radiowebmx.com\/nota\/wp-json\/wp\/v2\/comments?post=38335"}],"version-history":[{"count":1,"href":"https:\/\/radiowebmx.com\/nota\/wp-json\/wp\/v2\/posts\/38335\/revisions"}],"predecessor-version":[{"id":38337,"href":"https:\/\/radiowebmx.com\/nota\/wp-json\/wp\/v2\/posts\/38335\/revisions\/38337"}],"wp:featuredmedia":[{"embeddable":true,"href":"https:\/\/radiowebmx.com\/nota\/wp-json\/wp\/v2\/media\/38336"}],"wp:attachment":[{"href":"https:\/\/radiowebmx.com\/nota\/wp-json\/wp\/v2\/media?parent=38335"}],"wp:term":[{"taxonomy":"category","embeddable":true,"href":"https:\/\/radiowebmx.com\/nota\/wp-json\/wp\/v2\/categories?post=38335"},{"taxonomy":"post_tag","embeddable":true,"href":"https:\/\/radiowebmx.com\/nota\/wp-json\/wp\/v2\/tags?post=38335"}],"curies":[{"name":"wp","href":"https:\/\/api.w.org\/{rel}","templated":true}]}}