{"id":38332,"date":"2017-06-20T18:30:31","date_gmt":"2017-06-20T23:30:31","guid":{"rendered":"https:\/\/radiowebmx.com\/nota\/?p=38332"},"modified":"2017-06-21T10:58:08","modified_gmt":"2017-06-21T15:58:08","slug":"morelia-cuenta-con-instrumentos-legales-que-fomentan-el-orden-y-la-justicia-regidores","status":"publish","type":"post","link":"https:\/\/radiowebmx.com\/nota\/morelia-cuenta-con-instrumentos-legales-que-fomentan-el-orden-y-la-justicia-regidores\/","title":{"rendered":"Morelia cuenta con instrumentos legales que fomentan el orden y la justicia: Regidores"},"content":{"rendered":"<p><a href=\"https:\/\/radiowebmx.com\/nota\/wp-content\/uploads\/2017\/06\/8318cefa-0ebc-4afb-ad74-2ea482dc31ec.jpeg\"><img loading=\"lazy\" decoding=\"async\" class=\"alignnone size-medium wp-image-38333\" src=\"https:\/\/radiowebmx.com\/nota\/wp-content\/uploads\/2017\/06\/8318cefa-0ebc-4afb-ad74-2ea482dc31ec-595x396.jpeg\" alt=\"\" width=\"595\" height=\"396\" srcset=\"https:\/\/radiowebmx.com\/nota\/wp-content\/uploads\/2017\/06\/8318cefa-0ebc-4afb-ad74-2ea482dc31ec-595x396.jpeg 595w, https:\/\/radiowebmx.com\/nota\/wp-content\/uploads\/2017\/06\/8318cefa-0ebc-4afb-ad74-2ea482dc31ec-272x182.jpeg 272w, https:\/\/radiowebmx.com\/nota\/wp-content\/uploads\/2017\/06\/8318cefa-0ebc-4afb-ad74-2ea482dc31ec.jpeg 709w\" sizes=\"auto, (max-width: 595px) 100vw, 595px\" \/><\/a><\/p>\n<p>&nbsp;<\/p>\n<p>Morelia est\u00e1 en ruta a la generaci\u00f3n de condiciones sociales que permitan la solidaridad en la atenci\u00f3n a cuestiones sociales, mediante la aplicaci\u00f3n de herramientas legales orientadas a la participaci\u00f3n social, el orden y la justicia, destac\u00f3 la Regidora Kathia Elena Ortiz \u00c1vila en la reuni\u00f3n de la Comisi\u00f3n Especial para la Reforma del Mando Unificado de la Polic\u00eda Municipal.<\/p>\n<p>En este sentido, record\u00f3 que son dos importantes instrumentos con\u00a0los que cuenta este Gobierno Municipal que encabeza el Alcalde, Alfonso Mart\u00ednez Alc\u00e1zar, se trata de las modificaciones e implementaci\u00f3n del Reglamento de Tr\u00e1nsito y Vialidad del Municipio, as\u00ed como el Reglamento de Orden y Justicia C\u00edvica, respectivamente.<\/p>\n<p>En esta reuni\u00f3n de trabajo en la que estuvo acompa\u00f1ada por el Regidor, Osvaldo Ruiz Ram\u00edrez, asisti\u00f3 el Comisionado Municipal de Seguridad, Bernardo Le\u00f3n Olea, quien expuso la difusi\u00f3n de ambas normatividades ya citadas a trav\u00e9s de diferentes medios, en donde el \u00a0Asesor Jur\u00eddico de la Comisar\u00eda, Alejandro Gonz\u00e1lez Cussi, ha explicado los pormenores de los dos Reglamentos.<\/p>\n<p>Le\u00f3n Olea asegur\u00f3 que los juzgados c\u00edvicos a un a\u00f1o de labor han atendido 3 mil asuntos, a la par, la Polic\u00eda de Morelia ha incrementado su n\u00famero de integrantes \u00a0y que actualmente esta Administraci\u00f3n Municipal ha superado un poco m\u00e1s del doble con m\u00e1s de 400 elementos.<\/p>\n<p>En este tenor, el reclutamiento avanza de manera decidida asegur\u00f3 el Comisionado Municipal de Seguridad \u00a0y refiri\u00f3 que las solicitudes ciudadanas han sido alrededor de 650, sin embargo dejo en claro que la aprobaci\u00f3n de ex\u00e1menes de Control y Confianza llevan sus propios procedimientos que buscan a los mejores candidatos para la corporaci\u00f3n municipal.<\/p>\n","protected":false},"excerpt":{"rendered":"<p>&nbsp; Morelia est\u00e1 en ruta a la generaci\u00f3n de condiciones sociales que permitan la solidaridad en la atenci\u00f3n a cuestiones sociales, mediante la aplicaci\u00f3n de herramientas legales orientadas a la participaci\u00f3n social, el orden y la justicia, destac\u00f3 la Regidora Kathia Elena Ortiz \u00c1vila en la reuni\u00f3n de la Comisi\u00f3n Especial para la Reforma del [&hellip;]<\/p>\n","protected":false},"author":2,"featured_media":38333,"comment_status":"closed","ping_status":"closed","sticky":false,"template":"","format":"standard","meta":{"footnotes":""},"categories":[14,60,9],"tags":[],"class_list":["post-38332","post","type-post","status-publish","format-standard","has-post-thumbnail","hentry","category-destacadas","category-michoacan","category-morelia"],"_links":{"self":[{"href":"https:\/\/radiowebmx.com\/nota\/wp-json\/wp\/v2\/posts\/38332","targetHints":{"allow":["GET"]}}],"collection":[{"href":"https:\/\/radiowebmx.com\/nota\/wp-json\/wp\/v2\/posts"}],"about":[{"href":"https:\/\/radiowebmx.com\/nota\/wp-json\/wp\/v2\/types\/post"}],"author":[{"embeddable":true,"href":"https:\/\/radiowebmx.com\/nota\/wp-json\/wp\/v2\/users\/2"}],"replies":[{"embeddable":true,"href":"https:\/\/radiowebmx.com\/nota\/wp-json\/wp\/v2\/comments?post=38332"}],"version-history":[{"count":1,"href":"https:\/\/radiowebmx.com\/nota\/wp-json\/wp\/v2\/posts\/38332\/revisions"}],"predecessor-version":[{"id":38334,"href":"https:\/\/radiowebmx.com\/nota\/wp-json\/wp\/v2\/posts\/38332\/revisions\/38334"}],"wp:featuredmedia":[{"embeddable":true,"href":"https:\/\/radiowebmx.com\/nota\/wp-json\/wp\/v2\/media\/38333"}],"wp:attachment":[{"href":"https:\/\/radiowebmx.com\/nota\/wp-json\/wp\/v2\/media?parent=38332"}],"wp:term":[{"taxonomy":"category","embeddable":true,"href":"https:\/\/radiowebmx.com\/nota\/wp-json\/wp\/v2\/categories?post=38332"},{"taxonomy":"post_tag","embeddable":true,"href":"https:\/\/radiowebmx.com\/nota\/wp-json\/wp\/v2\/tags?post=38332"}],"curies":[{"name":"wp","href":"https:\/\/api.w.org\/{rel}","templated":true}]}}