{"id":38329,"date":"2017-06-20T18:10:26","date_gmt":"2017-06-20T23:10:26","guid":{"rendered":"https:\/\/radiowebmx.com\/nota\/?p=38329"},"modified":"2017-06-21T10:52:30","modified_gmt":"2017-06-21T15:52:30","slug":"especial-electoral-prepara-eleccion-de-jefe-de-tenencia-en-san-miguel-del-monte","status":"publish","type":"post","link":"https:\/\/radiowebmx.com\/nota\/especial-electoral-prepara-eleccion-de-jefe-de-tenencia-en-san-miguel-del-monte\/","title":{"rendered":"Especial Electoral prepara elecci\u00f3n de Jefe de Tenencia en San Miguel del Monte"},"content":{"rendered":"<p><a href=\"https:\/\/radiowebmx.com\/nota\/wp-content\/uploads\/2017\/06\/f1f27894-ed21-47a7-8560-7b45af63bfd4.jpeg\"><img loading=\"lazy\" decoding=\"async\" class=\"alignnone size-medium wp-image-38330\" src=\"https:\/\/radiowebmx.com\/nota\/wp-content\/uploads\/2017\/06\/f1f27894-ed21-47a7-8560-7b45af63bfd4-595x396.jpeg\" alt=\"\" width=\"595\" height=\"396\" srcset=\"https:\/\/radiowebmx.com\/nota\/wp-content\/uploads\/2017\/06\/f1f27894-ed21-47a7-8560-7b45af63bfd4-595x396.jpeg 595w, https:\/\/radiowebmx.com\/nota\/wp-content\/uploads\/2017\/06\/f1f27894-ed21-47a7-8560-7b45af63bfd4-272x182.jpeg 272w, https:\/\/radiowebmx.com\/nota\/wp-content\/uploads\/2017\/06\/f1f27894-ed21-47a7-8560-7b45af63bfd4.jpeg 709w\" sizes=\"auto, (max-width: 595px) 100vw, 595px\" \/><\/a><\/p>\n<p>&nbsp;<\/p>\n<p>De manera ordenada y con un calendario establecido, avanza la renovaci\u00f3n de las autoridades auxiliares en Morelia, lo anterior se dio cuenta en sesi\u00f3n de la Comisi\u00f3n Especial Electoral que es coordinada por el \u00a0Secretario del Ayuntamiento, Jes\u00fas \u00c1valos Plata.<\/p>\n<p>Acompa\u00f1ado por los Regidores, Claudia L\u00e1zaro Medina, Osvaldo Ruiz Ram\u00edrez, Salvador Arvizu Cisneros, F\u00e9lix Madrigal Pulido, Benjam\u00edn Farf\u00e1n Reyes, el \u00a0Director de Cabildo y Asuntos Interinstitucionales, Germ\u00e1n Mart\u00ednez Ramos, y el Director de \u00a0Planeaci\u00f3n Participativa, Carlos Bahena Villalobos, Jes\u00fas \u00c1valos Plata dio cuenta del desarrollo que han tenido estos procesos democr\u00e1ticos en la zona rural de Morelia.<\/p>\n<p>En esta\u00a0ruta de trabajo, los integrantes de esta Comisi\u00f3n Especial acordaron sacar la convocatoria para la renovaci\u00f3n de Jefe de Tenencia en San Miguel del Monte el pr\u00f3ximo lunes 26 de junio y posteriormente el viernes de esa misma semana, se convocar\u00e1 a los candidatos registrados a firmar el pacto de civilidad, documento que asegura mantener un clima de paz y tranquilidad en el desarrollo de la jornada electoral.<\/p>\n<p>El encargado de la pol\u00edtica interna del municipio, dej\u00f3 en claro que el compromiso con la ciudadan\u00eda es la transparencia y apoyo en la vida democr\u00e1tica en la selecci\u00f3n de estas autoridades auxiliares, como un v\u00ednculo importante con las necesidades de la ciudadan\u00eda ante la autoridad municipal.<\/p>\n<p>Una vez que los candidatos se hayan registrado y signado este compromiso el viernes 30 de junio, ser\u00e1 el 9 de julio el d\u00eda que se instalar\u00e1n las urnas receptoras de los votos de los morelianos en esta comunidad de San Miguel del Monte.<\/p>\n<p>Luego que se tengan resultado y se valide la elecci\u00f3n de la autoridad auxiliar, se rendir\u00e1 protesta en la Sesi\u00f3n de Cabildo pr\u00f3xima, adquiriendo as\u00ed el compromiso de dar respuesta a las necesidades de la poblaci\u00f3n en la citada Tenencia en coordinaci\u00f3n con el Gobierno Municipal.<\/p>\n<p>De esta forma el Ayuntamiento de Morelia, a trav\u00e9s de la Comisi\u00f3n Especial Electoral, invit\u00f3 a la ciudadan\u00eda interesada a estar atenta a la emisi\u00f3n de la convocatoria correspondiente y el desarrollo de todo este proceso comicial.<\/p>\n","protected":false},"excerpt":{"rendered":"<p>&nbsp; De manera ordenada y con un calendario establecido, avanza la renovaci\u00f3n de las autoridades auxiliares en Morelia, lo anterior se dio cuenta en sesi\u00f3n de la Comisi\u00f3n Especial Electoral que es coordinada por el \u00a0Secretario del Ayuntamiento, Jes\u00fas \u00c1valos Plata. Acompa\u00f1ado por los Regidores, Claudia L\u00e1zaro Medina, Osvaldo Ruiz Ram\u00edrez, Salvador Arvizu Cisneros, F\u00e9lix [&hellip;]<\/p>\n","protected":false},"author":2,"featured_media":38330,"comment_status":"closed","ping_status":"closed","sticky":false,"template":"","format":"standard","meta":{"footnotes":""},"categories":[14,60,9],"tags":[],"class_list":["post-38329","post","type-post","status-publish","format-standard","has-post-thumbnail","hentry","category-destacadas","category-michoacan","category-morelia"],"_links":{"self":[{"href":"https:\/\/radiowebmx.com\/nota\/wp-json\/wp\/v2\/posts\/38329","targetHints":{"allow":["GET"]}}],"collection":[{"href":"https:\/\/radiowebmx.com\/nota\/wp-json\/wp\/v2\/posts"}],"about":[{"href":"https:\/\/radiowebmx.com\/nota\/wp-json\/wp\/v2\/types\/post"}],"author":[{"embeddable":true,"href":"https:\/\/radiowebmx.com\/nota\/wp-json\/wp\/v2\/users\/2"}],"replies":[{"embeddable":true,"href":"https:\/\/radiowebmx.com\/nota\/wp-json\/wp\/v2\/comments?post=38329"}],"version-history":[{"count":1,"href":"https:\/\/radiowebmx.com\/nota\/wp-json\/wp\/v2\/posts\/38329\/revisions"}],"predecessor-version":[{"id":38331,"href":"https:\/\/radiowebmx.com\/nota\/wp-json\/wp\/v2\/posts\/38329\/revisions\/38331"}],"wp:featuredmedia":[{"embeddable":true,"href":"https:\/\/radiowebmx.com\/nota\/wp-json\/wp\/v2\/media\/38330"}],"wp:attachment":[{"href":"https:\/\/radiowebmx.com\/nota\/wp-json\/wp\/v2\/media?parent=38329"}],"wp:term":[{"taxonomy":"category","embeddable":true,"href":"https:\/\/radiowebmx.com\/nota\/wp-json\/wp\/v2\/categories?post=38329"},{"taxonomy":"post_tag","embeddable":true,"href":"https:\/\/radiowebmx.com\/nota\/wp-json\/wp\/v2\/tags?post=38329"}],"curies":[{"name":"wp","href":"https:\/\/api.w.org\/{rel}","templated":true}]}}