{"id":38323,"date":"2017-06-20T16:55:00","date_gmt":"2017-06-20T21:55:00","guid":{"rendered":"https:\/\/radiowebmx.com\/nota\/?p=38323"},"modified":"2017-06-21T10:45:57","modified_gmt":"2017-06-21T15:45:57","slug":"michoacan-fortalece-sus-instituciones-para-garantizar-desarrollo-y-gobernabilidad","status":"publish","type":"post","link":"https:\/\/radiowebmx.com\/nota\/michoacan-fortalece-sus-instituciones-para-garantizar-desarrollo-y-gobernabilidad\/","title":{"rendered":"Michoac\u00e1n fortalece sus instituciones para garantizar desarrollo y gobernabilidad"},"content":{"rendered":"<ul>\n<li>El Gobernador Constitucional Silvano Aureoles encabeza la reuni\u00f3n semanal del Grupo de Coordinaci\u00f3n Michoac\u00e1n (GCM).<\/li>\n<\/ul>\n<p><a href=\"https:\/\/radiowebmx.com\/nota\/wp-content\/uploads\/2017\/06\/05556116-2d18-452b-ae77-362a55427c76.jpeg\"><img loading=\"lazy\" decoding=\"async\" class=\"alignnone size-medium wp-image-38324\" src=\"https:\/\/radiowebmx.com\/nota\/wp-content\/uploads\/2017\/06\/05556116-2d18-452b-ae77-362a55427c76-595x396.jpeg\" alt=\"\" width=\"595\" height=\"396\" srcset=\"https:\/\/radiowebmx.com\/nota\/wp-content\/uploads\/2017\/06\/05556116-2d18-452b-ae77-362a55427c76-595x396.jpeg 595w, https:\/\/radiowebmx.com\/nota\/wp-content\/uploads\/2017\/06\/05556116-2d18-452b-ae77-362a55427c76-272x182.jpeg 272w, https:\/\/radiowebmx.com\/nota\/wp-content\/uploads\/2017\/06\/05556116-2d18-452b-ae77-362a55427c76.jpeg 709w\" sizes=\"auto, (max-width: 595px) 100vw, 595px\" \/><\/a><br \/>\n<strong>Morelia, Michoac\u00e1n, a 20 de junio de 2017.-<\/strong> Michoac\u00e1n fortalece sus instituciones para no repetir escenarios del pasado y garantizar el desarrollo, tranquilidad y gobernabilidad que merecen sus habitantes, enfatiz\u00f3 el Gobernador Constitucional Silvano Aureoles Conejo.<\/p>\n<p>&nbsp;<\/p>\n<p>Al encabezar la reuni\u00f3n semanal de an\u00e1lisis y seguimiento del Grupo de Coordinaci\u00f3n Michoac\u00e1n (GCM), el jefe del Ejecutivo estatal afirm\u00f3 que los tres niveles de gobierno est\u00e1n alineados para hacer valer su facultad exclusiva de preservar el bienestar de los ciudadanos.<\/p>\n<p>&nbsp;<\/p>\n<p>Por ello, refiri\u00f3 que no es permisible y representar\u00eda un retroceso el que civiles tomen las armas en el \u00e1nimo de querer brindar seguridad a la poblaci\u00f3n.<\/p>\n<p>&nbsp;<\/p>\n<p>Recalc\u00f3 que se tienen importantes avances en el combate a delitos tanto de orden federal como del fuero com\u00fan, y se ha logrado la desarticulaci\u00f3n de c\u00e9lulas delictivas.<\/p>\n<p>&nbsp;<\/p>\n<p>Ejemplo de ello, destac\u00f3, es que despu\u00e9s de la dificultad que provoc\u00f3 hace cuatro a\u00f1os el surgimiento de las autodefensas, hoy en d\u00eda la entidad ocupa el lugar 21 en la incidencia de delitos de alto impacto, de acuerdo a informes del Sistema Nacional de Seguridad P\u00fablica (SNSP).<\/p>\n<p>&nbsp;<\/p>\n<p>Aureoles Conejo asever\u00f3 que este trabajo no cesar\u00e1 hasta consolidar la transformaci\u00f3n del estado, y adelant\u00f3 que est\u00e1n por concluirse algunos de los 10 cuarteles regionales que tendr\u00e1 la Polic\u00eda Michoac\u00e1n.<\/p>\n<p>&nbsp;<\/p>\n<p>\u201cEsta acci\u00f3n permitir\u00e1 reforzar la estrategia de seguridad, que implica tanto acciones sociales y preventivas, como la reacci\u00f3n oportuna de los agentes policiacos y procuraci\u00f3n de justicia\u201d, afirm\u00f3 el mandatario michoacano.<\/p>\n<p>&nbsp;<\/p>\n<p>En esta reuni\u00f3n estuvieron presentes el secretario de Gobierno, Adri\u00e1n L\u00f3pez Sol\u00eds; el secretario de Seguridad P\u00fablica, Juan Bernardo Corona Mart\u00ednez; el procurador general de Justicia, Jos\u00e9 Mart\u00edn Godoy Castro; el comandante de la 43 Zona Militar, general Cruz Isaac Mu\u00f1oz Navarro; el comandante de la 10 Zona Naval, vicealmirante Gonzalo Ortiz Guzm\u00e1n.<\/p>\n<p>&nbsp;<\/p>\n<p>As\u00ed como el coordinador estatal de la Polic\u00eda Federal, Israel Galv\u00e1n Jaime; la delegada de la PGR, Bertha Paredes Gardu\u00f1o; el delegado del CISEN, Fernando Castro Miranda; el subsecretario de Seguridad P\u00fablica estatal, Carlos G\u00f3mez Arrieta, por mencionar algunos.<\/p>\n","protected":false},"excerpt":{"rendered":"<p>El Gobernador Constitucional Silvano Aureoles encabeza la reuni\u00f3n semanal del Grupo de Coordinaci\u00f3n Michoac\u00e1n (GCM). Morelia, Michoac\u00e1n, a 20 de junio de 2017.- Michoac\u00e1n fortalece sus instituciones para no repetir escenarios del pasado y garantizar el desarrollo, tranquilidad y gobernabilidad que merecen sus habitantes, enfatiz\u00f3 el Gobernador Constitucional Silvano Aureoles Conejo. &nbsp; Al encabezar la [&hellip;]<\/p>\n","protected":false},"author":2,"featured_media":38324,"comment_status":"closed","ping_status":"closed","sticky":false,"template":"","format":"standard","meta":{"footnotes":""},"categories":[14,3,60],"tags":[],"class_list":["post-38323","post","type-post","status-publish","format-standard","has-post-thumbnail","hentry","category-destacadas","category-gobierno-del-estado-de-michoacan","category-michoacan"],"_links":{"self":[{"href":"https:\/\/radiowebmx.com\/nota\/wp-json\/wp\/v2\/posts\/38323","targetHints":{"allow":["GET"]}}],"collection":[{"href":"https:\/\/radiowebmx.com\/nota\/wp-json\/wp\/v2\/posts"}],"about":[{"href":"https:\/\/radiowebmx.com\/nota\/wp-json\/wp\/v2\/types\/post"}],"author":[{"embeddable":true,"href":"https:\/\/radiowebmx.com\/nota\/wp-json\/wp\/v2\/users\/2"}],"replies":[{"embeddable":true,"href":"https:\/\/radiowebmx.com\/nota\/wp-json\/wp\/v2\/comments?post=38323"}],"version-history":[{"count":1,"href":"https:\/\/radiowebmx.com\/nota\/wp-json\/wp\/v2\/posts\/38323\/revisions"}],"predecessor-version":[{"id":38325,"href":"https:\/\/radiowebmx.com\/nota\/wp-json\/wp\/v2\/posts\/38323\/revisions\/38325"}],"wp:featuredmedia":[{"embeddable":true,"href":"https:\/\/radiowebmx.com\/nota\/wp-json\/wp\/v2\/media\/38324"}],"wp:attachment":[{"href":"https:\/\/radiowebmx.com\/nota\/wp-json\/wp\/v2\/media?parent=38323"}],"wp:term":[{"taxonomy":"category","embeddable":true,"href":"https:\/\/radiowebmx.com\/nota\/wp-json\/wp\/v2\/categories?post=38323"},{"taxonomy":"post_tag","embeddable":true,"href":"https:\/\/radiowebmx.com\/nota\/wp-json\/wp\/v2\/tags?post=38323"}],"curies":[{"name":"wp","href":"https:\/\/api.w.org\/{rel}","templated":true}]}}