{"id":38320,"date":"2017-06-20T16:31:43","date_gmt":"2017-06-20T21:31:43","guid":{"rendered":"https:\/\/radiowebmx.com\/nota\/?p=38320"},"modified":"2017-06-21T10:43:06","modified_gmt":"2017-06-21T15:43:06","slug":"contribuye-cobaem-a-fortalecer-condiciones-de-ensenanza-aprendizaje-en-michoacan","status":"publish","type":"post","link":"https:\/\/radiowebmx.com\/nota\/contribuye-cobaem-a-fortalecer-condiciones-de-ensenanza-aprendizaje-en-michoacan\/","title":{"rendered":"Contribuye Cobaem a fortalecer condiciones de ense\u00f1anza-aprendizaje en Michoac\u00e1n"},"content":{"rendered":"<p><a href=\"https:\/\/radiowebmx.com\/nota\/wp-content\/uploads\/2017\/06\/fd43e0ce-c7f8-4607-97c4-56c12b2d71ef.jpg\"><img loading=\"lazy\" decoding=\"async\" class=\"alignnone size-medium wp-image-38321\" src=\"https:\/\/radiowebmx.com\/nota\/wp-content\/uploads\/2017\/06\/fd43e0ce-c7f8-4607-97c4-56c12b2d71ef-595x396.jpg\" alt=\"\" width=\"595\" height=\"396\" srcset=\"https:\/\/radiowebmx.com\/nota\/wp-content\/uploads\/2017\/06\/fd43e0ce-c7f8-4607-97c4-56c12b2d71ef-595x396.jpg 595w, https:\/\/radiowebmx.com\/nota\/wp-content\/uploads\/2017\/06\/fd43e0ce-c7f8-4607-97c4-56c12b2d71ef-272x182.jpg 272w, https:\/\/radiowebmx.com\/nota\/wp-content\/uploads\/2017\/06\/fd43e0ce-c7f8-4607-97c4-56c12b2d71ef.jpg 709w\" sizes=\"auto, (max-width: 595px) 100vw, 595px\" \/><\/a><\/p>\n<p>&nbsp;<\/p>\n<p>Acuitzio, Michoac\u00e1n, a 20 de junio de 2017.- Este martes iniciaron las Reuniones de Academia Sectorial en el Colegio de Bachilleres del Estado de Michoac\u00e1n (Cobaem), donde se re\u00fanen los docentes de diversas asignaturas para revisar el nuevo modelo educativo y programas de estudio, ajustados a la educaci\u00f3n por competencias y al desarrollo de los aprendizajes clave.<\/p>\n<p>Lo anterior, conforme a la Subsecretar\u00eda de Educaci\u00f3n Media Superior y la Direcci\u00f3n General del Bachillerato para fomentar la elaboraci\u00f3n de propuestas e innovaciones en el dise\u00f1o y desarrollo de actividades que fomenten el intercambio de experiencias, estrategias metodol\u00f3gico-did\u00e1cticas y dem\u00e1s recursos que contribuyan a mejorar las condiciones de la ense\u00f1anza-aprendizaje.<\/p>\n<p>En este sentido, el director del plantel Acuitzio, Miguel \u00c1ngel N\u00fa\u00f1ez Gordiano, se\u00f1al\u00f3 que la educaci\u00f3n en M\u00e9xico tiene que cambiar e indic\u00f3 que los docentes proponer y criticar objetivamente para transformar la educaci\u00f3n en Michoac\u00e1n.<\/p>\n<p>Por su parte, con la representaci\u00f3n del director general del Cobem, Alejandro Bustos Aguilar, el coordinador de Oficinas Centrales, Roberto Ambriz Mendoza, destac\u00f3 que la academia es el \u00f3rgano colegiado que tiene por encomienda deliberar, analizar, discutir y tomar decisiones en materia de la mejora educativa de cada estudiante del subsistema.<\/p>\n<p>Ante 208 docentes de la Coordinaci\u00f3n Sectorial No. 3, resalt\u00f3 la grandeza del potencial educativo del Cobaem, por lo que pidi\u00f3 a todos aportar ideas y crear espacios para que la academia cruce informaci\u00f3n, comparta conocimientos y aporten sus conocimientos a fin de crear una gran red de aprendizaje.<\/p>\n","protected":false},"excerpt":{"rendered":"<p>&nbsp; Acuitzio, Michoac\u00e1n, a 20 de junio de 2017.- Este martes iniciaron las Reuniones de Academia Sectorial en el Colegio de Bachilleres del Estado de Michoac\u00e1n (Cobaem), donde se re\u00fanen los docentes de diversas asignaturas para revisar el nuevo modelo educativo y programas de estudio, ajustados a la educaci\u00f3n por competencias y al desarrollo de [&hellip;]<\/p>\n","protected":false},"author":2,"featured_media":38321,"comment_status":"closed","ping_status":"closed","sticky":false,"template":"","format":"standard","meta":{"footnotes":""},"categories":[14,3,60],"tags":[],"class_list":["post-38320","post","type-post","status-publish","format-standard","has-post-thumbnail","hentry","category-destacadas","category-gobierno-del-estado-de-michoacan","category-michoacan"],"_links":{"self":[{"href":"https:\/\/radiowebmx.com\/nota\/wp-json\/wp\/v2\/posts\/38320","targetHints":{"allow":["GET"]}}],"collection":[{"href":"https:\/\/radiowebmx.com\/nota\/wp-json\/wp\/v2\/posts"}],"about":[{"href":"https:\/\/radiowebmx.com\/nota\/wp-json\/wp\/v2\/types\/post"}],"author":[{"embeddable":true,"href":"https:\/\/radiowebmx.com\/nota\/wp-json\/wp\/v2\/users\/2"}],"replies":[{"embeddable":true,"href":"https:\/\/radiowebmx.com\/nota\/wp-json\/wp\/v2\/comments?post=38320"}],"version-history":[{"count":1,"href":"https:\/\/radiowebmx.com\/nota\/wp-json\/wp\/v2\/posts\/38320\/revisions"}],"predecessor-version":[{"id":38322,"href":"https:\/\/radiowebmx.com\/nota\/wp-json\/wp\/v2\/posts\/38320\/revisions\/38322"}],"wp:featuredmedia":[{"embeddable":true,"href":"https:\/\/radiowebmx.com\/nota\/wp-json\/wp\/v2\/media\/38321"}],"wp:attachment":[{"href":"https:\/\/radiowebmx.com\/nota\/wp-json\/wp\/v2\/media?parent=38320"}],"wp:term":[{"taxonomy":"category","embeddable":true,"href":"https:\/\/radiowebmx.com\/nota\/wp-json\/wp\/v2\/categories?post=38320"},{"taxonomy":"post_tag","embeddable":true,"href":"https:\/\/radiowebmx.com\/nota\/wp-json\/wp\/v2\/tags?post=38320"}],"curies":[{"name":"wp","href":"https:\/\/api.w.org\/{rel}","templated":true}]}}