{"id":38266,"date":"2017-06-19T16:09:57","date_gmt":"2017-06-19T21:09:57","guid":{"rendered":"https:\/\/radiowebmx.com\/nota\/?p=38266"},"modified":"2017-06-20T10:47:10","modified_gmt":"2017-06-20T15:47:10","slug":"con-obras-gobierno-municipal-transforma-la-comunidad-de-la-aldea","status":"publish","type":"post","link":"https:\/\/radiowebmx.com\/nota\/con-obras-gobierno-municipal-transforma-la-comunidad-de-la-aldea\/","title":{"rendered":"Con obras, Gobierno Municipal transforma la comunidad de La Aldea"},"content":{"rendered":"<p><a href=\"https:\/\/radiowebmx.com\/nota\/wp-content\/uploads\/2017\/06\/ad7caa0a-91e2-4958-9be2-3f4bccf91e2b.jpg\"><img loading=\"lazy\" decoding=\"async\" class=\"alignnone size-medium wp-image-38267\" src=\"https:\/\/radiowebmx.com\/nota\/wp-content\/uploads\/2017\/06\/ad7caa0a-91e2-4958-9be2-3f4bccf91e2b-595x396.jpg\" alt=\"\" width=\"595\" height=\"396\" srcset=\"https:\/\/radiowebmx.com\/nota\/wp-content\/uploads\/2017\/06\/ad7caa0a-91e2-4958-9be2-3f4bccf91e2b-595x396.jpg 595w, https:\/\/radiowebmx.com\/nota\/wp-content\/uploads\/2017\/06\/ad7caa0a-91e2-4958-9be2-3f4bccf91e2b-272x182.jpg 272w, https:\/\/radiowebmx.com\/nota\/wp-content\/uploads\/2017\/06\/ad7caa0a-91e2-4958-9be2-3f4bccf91e2b.jpg 709w\" sizes=\"auto, (max-width: 595px) 100vw, 595px\" \/><\/a><\/p>\n<p>&nbsp;<\/p>\n<p>En aras de mejorar la conectividad y servicios de los morelianos que habitan en la zona oriente de la ciudad, el Ayuntamiento capitalino ya inici\u00f3 con la rehabilitaci\u00f3n integral de la comunidad de la Aldea, mediante la obra de Pavimentaci\u00f3n de la Avenida Juan Escutia; mientras que en pr\u00f3ximas fechas arrancar\u00e1 con una serie de proyectos de infraestructura vial en esta \u00e1rea de la ciudad.<\/p>\n<p>Lo anterior lo anticip\u00f3 el Secretario de Efectividad e Innovaci\u00f3n Gubernamental, Antonio Plaza Urbina, durante la supervisi\u00f3n de esta obra, en la que se invierten 8 millones de pesos en la colocaci\u00f3n de pavimento con carpeta hidr\u00e1ulica, as\u00ed como sistema de drenaje y agua potable.<\/p>\n<p>Subray\u00f3 que dado que la instrucci\u00f3n del Presidente Municipal, Alfonso Mart\u00ednez Alc\u00e1zar, es ejecutar proyectos integrales en todos los rincones del municipio y en donde m\u00e1s se necesita, se tiene planeado efectuar una serie de acciones de mejoramiento vial.<\/p>\n<p>\u201cIniciamos con la pavimentaci\u00f3n de esta importante avenida que no s\u00f3lo beneficiar\u00e1 de a las 160 familias que habitan en esta parte de la vialidad, sino tambi\u00e9n a miles de ciudadanos que viven en las inmediaciones, sin embargo la intenci\u00f3n a corto plazo es interconectar y rescatar de manera integral toda la zona\u201d, apunt\u00f3.<\/p>\n<p>En este marco, el encargado de la planeaci\u00f3n de obra p\u00fablica municipal, indic\u00f3 que adem\u00e1s se tiene proyectado rehabilitar y mejorar la conexi\u00f3n de las calles Oriente 4 \u00a0y Miguel Hidalgo, as\u00ed como el reencarpetamiento de algunas r\u00faas, lo que \u201cdar\u00e1 otra cara a esta \u00e1rea del municipio que por mucho tiempo estuvo olvidada\u201d.<\/p>\n<p>Es de precisar que la obra de la Avenida Juan Escutia consiste en la colocaci\u00f3n de 685 metros lineales de pavimento con carpeta hidr\u00e1ulica, mil 300 metros lineales de guarniciones, 685 metros lineales de rehabilitaci\u00f3n del sistema de drenaje, 160 descargas y registros domiciliarios rehabilitados, 160 tomas domiciliarias de agua potable, as\u00ed como 925 metros lineales de red de distribuci\u00f3n de agua potable.<\/p>\n<p>En tanto que el funcionario municipal, adelant\u00f3 que una segunda etapa \u2013que se est\u00e1 por contratar- se considera la rehabilitaci\u00f3n de alumbrado p\u00fablico, balizamiento horizontal y banquetas.<\/p>\n","protected":false},"excerpt":{"rendered":"<p>&nbsp; En aras de mejorar la conectividad y servicios de los morelianos que habitan en la zona oriente de la ciudad, el Ayuntamiento capitalino ya inici\u00f3 con la rehabilitaci\u00f3n integral de la comunidad de la Aldea, mediante la obra de Pavimentaci\u00f3n de la Avenida Juan Escutia; mientras que en pr\u00f3ximas fechas arrancar\u00e1 con una serie [&hellip;]<\/p>\n","protected":false},"author":2,"featured_media":38267,"comment_status":"closed","ping_status":"closed","sticky":false,"template":"","format":"standard","meta":{"footnotes":""},"categories":[14,60,9],"tags":[],"class_list":["post-38266","post","type-post","status-publish","format-standard","has-post-thumbnail","hentry","category-destacadas","category-michoacan","category-morelia"],"_links":{"self":[{"href":"https:\/\/radiowebmx.com\/nota\/wp-json\/wp\/v2\/posts\/38266","targetHints":{"allow":["GET"]}}],"collection":[{"href":"https:\/\/radiowebmx.com\/nota\/wp-json\/wp\/v2\/posts"}],"about":[{"href":"https:\/\/radiowebmx.com\/nota\/wp-json\/wp\/v2\/types\/post"}],"author":[{"embeddable":true,"href":"https:\/\/radiowebmx.com\/nota\/wp-json\/wp\/v2\/users\/2"}],"replies":[{"embeddable":true,"href":"https:\/\/radiowebmx.com\/nota\/wp-json\/wp\/v2\/comments?post=38266"}],"version-history":[{"count":1,"href":"https:\/\/radiowebmx.com\/nota\/wp-json\/wp\/v2\/posts\/38266\/revisions"}],"predecessor-version":[{"id":38268,"href":"https:\/\/radiowebmx.com\/nota\/wp-json\/wp\/v2\/posts\/38266\/revisions\/38268"}],"wp:featuredmedia":[{"embeddable":true,"href":"https:\/\/radiowebmx.com\/nota\/wp-json\/wp\/v2\/media\/38267"}],"wp:attachment":[{"href":"https:\/\/radiowebmx.com\/nota\/wp-json\/wp\/v2\/media?parent=38266"}],"wp:term":[{"taxonomy":"category","embeddable":true,"href":"https:\/\/radiowebmx.com\/nota\/wp-json\/wp\/v2\/categories?post=38266"},{"taxonomy":"post_tag","embeddable":true,"href":"https:\/\/radiowebmx.com\/nota\/wp-json\/wp\/v2\/tags?post=38266"}],"curies":[{"name":"wp","href":"https:\/\/api.w.org\/{rel}","templated":true}]}}