{"id":38260,"date":"2017-06-19T15:33:23","date_gmt":"2017-06-19T20:33:23","guid":{"rendered":"https:\/\/radiowebmx.com\/nota\/?p=38260"},"modified":"2017-06-20T10:36:51","modified_gmt":"2017-06-20T15:36:51","slug":"inaugura-telebachillerato-obras-en-planteles-de-morelia","status":"publish","type":"post","link":"https:\/\/radiowebmx.com\/nota\/inaugura-telebachillerato-obras-en-planteles-de-morelia\/","title":{"rendered":"Inaugura Telebachillerato obras en planteles de Morelia"},"content":{"rendered":"<p><a href=\"https:\/\/radiowebmx.com\/nota\/wp-content\/uploads\/2017\/06\/7bf4c0ae-f7db-42bc-8e17-f2f42d7f17d5.jpg\"><img loading=\"lazy\" decoding=\"async\" class=\"alignnone size-medium wp-image-38261\" src=\"https:\/\/radiowebmx.com\/nota\/wp-content\/uploads\/2017\/06\/7bf4c0ae-f7db-42bc-8e17-f2f42d7f17d5-595x396.jpg\" alt=\"\" width=\"595\" height=\"396\" srcset=\"https:\/\/radiowebmx.com\/nota\/wp-content\/uploads\/2017\/06\/7bf4c0ae-f7db-42bc-8e17-f2f42d7f17d5-595x396.jpg 595w, https:\/\/radiowebmx.com\/nota\/wp-content\/uploads\/2017\/06\/7bf4c0ae-f7db-42bc-8e17-f2f42d7f17d5-272x182.jpg 272w, https:\/\/radiowebmx.com\/nota\/wp-content\/uploads\/2017\/06\/7bf4c0ae-f7db-42bc-8e17-f2f42d7f17d5.jpg 709w\" sizes=\"auto, (max-width: 595px) 100vw, 595px\" \/><\/a><\/p>\n<p>&nbsp;<\/p>\n<p><strong>Morelia, Michoac\u00e1n, a 19 de junio de 2017.-<\/strong>\u00a0Autoridades del Telebachillerato Michoac\u00e1n entregaron obras en el plantel 106, ubicado en la tenencia de San Nicol\u00e1s Obispo, de este municipio de Morelia.<\/p>\n<p>&nbsp;<\/p>\n<p>El director general del subsistema, Juan Carlos Barrag\u00e1n V\u00e9lez, dio apertura a los nuevos espacios (dos aulas y sanitarios), en beneficio de los 58 estudiantes matriculados para el presente ciclo escolar.<\/p>\n<p>&nbsp;<\/p>\n<p>En su intervenci\u00f3n, el funcionario afirm\u00f3 que uno de los objetivos del subsistema es fortalecer e incrementar su infraestructura, apoyar la formaci\u00f3n de los estudiantes con actualizaci\u00f3n docente, programas de becas y otros que garanticen una educaci\u00f3n de calidad, y ampliar la cobertura de bachillerato en zonas marginadas.<\/p>\n<p>&nbsp;<\/p>\n<p>Destac\u00f3 que por instrucci\u00f3n del Gobernador Silvano Aureoles Conejo se mantendr\u00e1 la coordinaci\u00f3n en el trabajo y en la gesti\u00f3n de recursos con los tres \u00f3rdenes de gobierno y la sociedad para fortalecer y mejorar los centros del Telebachillerato en la entidad.<\/p>\n<p>&nbsp;<\/p>\n<p>Por ello, reiter\u00f3 que la participaci\u00f3n de todos es importante para concretar proyectos y alcanzar metas de desarrollo integral en beneficio del sector educativo.<\/p>\n<p>&nbsp;<\/p>\n<p>El funcionario detall\u00f3 que para la construcci\u00f3n de la obra del centro n\u00famero 106 de la tenencia de San Nicol\u00e1s Obispo, se destinaron 680 mil pesos, de los cuales 630 mil fueron por aportaci\u00f3n del municipio y 50 mil pesos de los padres de familia de los alumnos.<\/p>\n<p>&nbsp;<\/p>\n<p>En el evento tambi\u00e9n estuvieron presentes el secretario de Desarrollo Metropolitano e Infraestructura, Juan Fernando Sosa Tapia; el jefe de la tenencia Luciano Mart\u00ednez Mart\u00ednez; el subdirector acad\u00e9mico del Telebachillerato Michoac\u00e1n, Juan Ismael Gonz\u00e1lez Torres, y la coordinadora del centro 106, Silvia G\u00f3mez Zarco.<\/p>\n<p><strong>\u00a0<\/strong><\/p>\n<p><strong>Presentan nuevos supervisores de zona<\/strong><\/p>\n<p>&nbsp;<\/p>\n<p>M\u00e1s tarde, en la Biblioteca P\u00fablica de Morelia \u201cFrancisco J. M\u00fagica\u201d, el director general del subsistema present\u00f3 a los nuevos supervisores de las zonas 5 y 6.<\/p>\n<p>&nbsp;<\/p>\n<p>En presencia de los asesores en dichos centros, Barrag\u00e1n V\u00e9lez present\u00f3 a Mar\u00eda Lourdes Ram\u00edrez para la zona 5, que integra 19 centros ubicados en los municipios de Ario, Acuitzio, Huiramba, Madero, Morelia, Salvador Escalante, Tac\u00e1mbaro, Turicato, Tzintzuntzan y Erongar\u00edcuaro.<\/p>\n<p>&nbsp;<\/p>\n<p>\u00c1ngel Hern\u00e1ndez Bernal es el supervisor para la zona 6, donde se localizan 19 centros en los municipios de \u00c1lvaro Obreg\u00f3n, Cuitzeo, Morelia, Morelos, Quer\u00e9ndaro, Santa Ana Maya, Tar\u00edmbaro, Tzitzio, Zinap\u00e9cuaro, Chuc\u00e1ndiro e Indaparapeo.<\/p>\n","protected":false},"excerpt":{"rendered":"<p>&nbsp; Morelia, Michoac\u00e1n, a 19 de junio de 2017.-\u00a0Autoridades del Telebachillerato Michoac\u00e1n entregaron obras en el plantel 106, ubicado en la tenencia de San Nicol\u00e1s Obispo, de este municipio de Morelia. &nbsp; El director general del subsistema, Juan Carlos Barrag\u00e1n V\u00e9lez, dio apertura a los nuevos espacios (dos aulas y sanitarios), en beneficio de los [&hellip;]<\/p>\n","protected":false},"author":2,"featured_media":38261,"comment_status":"closed","ping_status":"closed","sticky":false,"template":"","format":"standard","meta":{"footnotes":""},"categories":[14,3,60],"tags":[],"class_list":["post-38260","post","type-post","status-publish","format-standard","has-post-thumbnail","hentry","category-destacadas","category-gobierno-del-estado-de-michoacan","category-michoacan"],"_links":{"self":[{"href":"https:\/\/radiowebmx.com\/nota\/wp-json\/wp\/v2\/posts\/38260","targetHints":{"allow":["GET"]}}],"collection":[{"href":"https:\/\/radiowebmx.com\/nota\/wp-json\/wp\/v2\/posts"}],"about":[{"href":"https:\/\/radiowebmx.com\/nota\/wp-json\/wp\/v2\/types\/post"}],"author":[{"embeddable":true,"href":"https:\/\/radiowebmx.com\/nota\/wp-json\/wp\/v2\/users\/2"}],"replies":[{"embeddable":true,"href":"https:\/\/radiowebmx.com\/nota\/wp-json\/wp\/v2\/comments?post=38260"}],"version-history":[{"count":1,"href":"https:\/\/radiowebmx.com\/nota\/wp-json\/wp\/v2\/posts\/38260\/revisions"}],"predecessor-version":[{"id":38262,"href":"https:\/\/radiowebmx.com\/nota\/wp-json\/wp\/v2\/posts\/38260\/revisions\/38262"}],"wp:featuredmedia":[{"embeddable":true,"href":"https:\/\/radiowebmx.com\/nota\/wp-json\/wp\/v2\/media\/38261"}],"wp:attachment":[{"href":"https:\/\/radiowebmx.com\/nota\/wp-json\/wp\/v2\/media?parent=38260"}],"wp:term":[{"taxonomy":"category","embeddable":true,"href":"https:\/\/radiowebmx.com\/nota\/wp-json\/wp\/v2\/categories?post=38260"},{"taxonomy":"post_tag","embeddable":true,"href":"https:\/\/radiowebmx.com\/nota\/wp-json\/wp\/v2\/tags?post=38260"}],"curies":[{"name":"wp","href":"https:\/\/api.w.org\/{rel}","templated":true}]}}