{"id":38248,"date":"2017-06-19T14:10:55","date_gmt":"2017-06-19T19:10:55","guid":{"rendered":"https:\/\/radiowebmx.com\/nota\/?p=38248"},"modified":"2017-06-19T14:10:55","modified_gmt":"2017-06-19T19:10:55","slug":"macarena-chavez-impulsa-el-desarrollo-economico-a-traves-del-programa-familia-sustentable","status":"publish","type":"post","link":"https:\/\/radiowebmx.com\/nota\/macarena-chavez-impulsa-el-desarrollo-economico-a-traves-del-programa-familia-sustentable\/","title":{"rendered":"MACARENA CH\u00c1VEZ IMPULSA EL DESARROLLO ECON\u00d3MICO A TRAV\u00c9S DEL PROGRAMA \u201cFAMILIA SUSTENTABLE\u201d"},"content":{"rendered":"<p><a href=\"https:\/\/radiowebmx.com\/nota\/wp-content\/uploads\/2017\/06\/190617.jpeg\"><img loading=\"lazy\" decoding=\"async\" class=\"alignnone size-medium wp-image-38249\" src=\"https:\/\/radiowebmx.com\/nota\/wp-content\/uploads\/2017\/06\/190617-595x396.jpeg\" alt=\"\" width=\"595\" height=\"396\" srcset=\"https:\/\/radiowebmx.com\/nota\/wp-content\/uploads\/2017\/06\/190617-595x396.jpeg 595w, https:\/\/radiowebmx.com\/nota\/wp-content\/uploads\/2017\/06\/190617-272x182.jpeg 272w, https:\/\/radiowebmx.com\/nota\/wp-content\/uploads\/2017\/06\/190617.jpeg 709w\" sizes=\"auto, (max-width: 595px) 100vw, 595px\" \/><\/a><\/p>\n<p>&nbsp;<\/p>\n<p class=\"x_MsoNormal\">Consciente que actualmente la oportunidad de empleo no es suficiente para toda la poblaci\u00f3n, la diputada Macarena Ch\u00e1vez Flores lleva a cabo el programa &#8220;Familia Sustentable&#8221;, que tiene la finalidad de capacitar a las personas para que puedan elaborar y comercializar productos de consumo cotidiano y con ello dar las base para que los michoacanos puedan crear su propio negocio como una opci\u00f3n para su desarrollo econ\u00f3mico.<\/p>\n<p class=\"x_MsoNormal\">\n<p class=\"x_MsoNormal\">En este tenor, la diputada del Partido Acci\u00f3n Nacional visit\u00f3 el municipio de Charo, contando con la presencia de Ram\u00f3n Hern\u00e1ndez Y\u00e9pez, Presidente Municipal; Jos\u00e9 Guadalupe Guill\u00e9n Rojas, Secretario del Ayuntamiento, as\u00ed como la Presidenta del DIF municipal, Irene Pille Gavil\u00e1n, en donde se imparti\u00f3 la capacitaci\u00f3n a cientos de charenses.<\/p>\n<p class=\"x_MsoNormal\">\n<p class=\"x_MsoNormal\">Macarena Ch\u00e1vez Flores destac\u00f3 que el programa que lleva realiz\u00e1ndose desde noviembre del a\u00f1o pasado, consiste en capacitar a tanto hombres como mujeres para que puedan elaborar, desde sus casas, productos de consumo cotidiano\u00a0\u00a0similares\u00a0\u00a0a los industrializados, de manera sencilla, segura, higi\u00e9nica, nutritiva en su caso y de costo accesible, respaldadas por una investigaci\u00f3n y evaluaci\u00f3n especializada.<\/p>\n<p class=\"x_MsoNormal\">\n<p class=\"x_MsoNormal\">Resalt\u00f3 que con dicha capacitaci\u00f3n se fomenta el aprovechamiento de los recursos materiales y econ\u00f3micos del consumidor, t\u00e9cnicas de elaboraci\u00f3n, conservaci\u00f3n\u00a0\u00a0y\u00a0\u00a0almacenamiento\u00a0\u00a0en\u00a0\u00a0el\u00a0\u00a0\u00a0\u00e1mbito\u00a0\u00a0dom\u00e9stico\u00a0\u00a0para\u00a0\u00a0disponer de productos \u00fatiles, higi\u00e9nicos y de buena calidad.<\/p>\n<p class=\"x_MsoNormal\">\n<p class=\"x_MsoNormal\">La tambi\u00e9n integrante de la Comisi\u00f3n de Industria, Comercio y Servicios se\u00f1al\u00f3 que la falta de oportunidades para conseguir un empleo formal ha sido un detonante en el pa\u00eds y el estado para que incremente el n\u00famero de mujeres y j\u00f3venes, principalmente, que eligen autoemplearse y ser sus propios jefes.<\/p>\n<p class=\"x_MsoNormal\">\n<p class=\"x_MsoNormal\">Asimismo, la parlamentaria destac\u00f3 que actualmente seg\u00fan la Secretar\u00eda de Trabajo y Previsi\u00f3n Social la tasa de desocupaci\u00f3n en Michoac\u00e1n, hasta el mes de abril de este a\u00f1o, es de 2.5 por ciento,\u00a0por lo que dicho programa contribuye a disminuir los niveles de desempleo, facilitando a los michoacanos las herramientas necesarias para obtener m\u00e1s ingresos econ\u00f3micos que los ayuden a tener un desarrollo integral.<\/p>\n","protected":false},"excerpt":{"rendered":"<p>&nbsp; Consciente que actualmente la oportunidad de empleo no es suficiente para toda la poblaci\u00f3n, la diputada Macarena Ch\u00e1vez Flores lleva a cabo el programa &#8220;Familia Sustentable&#8221;, que tiene la finalidad de capacitar a las personas para que puedan elaborar y comercializar productos de consumo cotidiano y con ello dar las base para que los [&hellip;]<\/p>\n","protected":false},"author":2,"featured_media":38249,"comment_status":"closed","ping_status":"closed","sticky":false,"template":"","format":"standard","meta":{"footnotes":""},"categories":[6,14,8],"tags":[],"class_list":["post-38248","post","type-post","status-publish","format-standard","has-post-thumbnail","hentry","category-congreso-del-estado","category-destacadas","category-grupo-parlamentario-del-pan"],"_links":{"self":[{"href":"https:\/\/radiowebmx.com\/nota\/wp-json\/wp\/v2\/posts\/38248","targetHints":{"allow":["GET"]}}],"collection":[{"href":"https:\/\/radiowebmx.com\/nota\/wp-json\/wp\/v2\/posts"}],"about":[{"href":"https:\/\/radiowebmx.com\/nota\/wp-json\/wp\/v2\/types\/post"}],"author":[{"embeddable":true,"href":"https:\/\/radiowebmx.com\/nota\/wp-json\/wp\/v2\/users\/2"}],"replies":[{"embeddable":true,"href":"https:\/\/radiowebmx.com\/nota\/wp-json\/wp\/v2\/comments?post=38248"}],"version-history":[{"count":1,"href":"https:\/\/radiowebmx.com\/nota\/wp-json\/wp\/v2\/posts\/38248\/revisions"}],"predecessor-version":[{"id":38250,"href":"https:\/\/radiowebmx.com\/nota\/wp-json\/wp\/v2\/posts\/38248\/revisions\/38250"}],"wp:featuredmedia":[{"embeddable":true,"href":"https:\/\/radiowebmx.com\/nota\/wp-json\/wp\/v2\/media\/38249"}],"wp:attachment":[{"href":"https:\/\/radiowebmx.com\/nota\/wp-json\/wp\/v2\/media?parent=38248"}],"wp:term":[{"taxonomy":"category","embeddable":true,"href":"https:\/\/radiowebmx.com\/nota\/wp-json\/wp\/v2\/categories?post=38248"},{"taxonomy":"post_tag","embeddable":true,"href":"https:\/\/radiowebmx.com\/nota\/wp-json\/wp\/v2\/tags?post=38248"}],"curies":[{"name":"wp","href":"https:\/\/api.w.org\/{rel}","templated":true}]}}